{"id":2097,"date":"2013-03-14T12:14:19","date_gmt":"2013-03-14T11:14:19","guid":{"rendered":"http:\/\/www.museummurten\/2013\/03\/picture-of-the-month\/"},"modified":"2013-03-14T12:14:19","modified_gmt":"2013-03-14T11:14:19","slug":"picture-of-the-month","status":"publish","type":"post","link":"https:\/\/www.museummurten.ch\/en\/2013\/03\/picture-of-the-month\/","title":{"rendered":"picture of the month"},"content":{"rendered":"<p>November<\/p>\n<p><a href=\"http:\/\/www.museummurten\/wp-content\/uploads\/2013\/03\/Anne-de-Rougemont.jpg\"><img loading=\"lazy\" decoding=\"async\" class=\"alignnone size-full wp-image-1912\" alt=\"Anne de Rougemont\" src=\"http:\/\/www.museummurten\/wp-content\/uploads\/2013\/03\/Anne-de-Rougemont.jpg\" width=\"515\" height=\"620\" srcset=\"https:\/\/www.museummurten.ch\/wp-content\/uploads\/2013\/03\/Anne-de-Rougemont.jpg 515w, https:\/\/www.museummurten.ch\/wp-content\/uploads\/2013\/03\/Anne-de-Rougemont-249x300.jpg 249w\" sizes=\"auto, (max-width: 515px) 100vw, 515px\" \/><\/a><\/p>\n<p>ANNE DE ROUGEMONT (1760 &#8211; ?)<\/p>\n<p>Nicolas Benjamin Delapierre (1739 &#8211; 1802)<\/p>\n<p>Oil on canvas, about 1780<\/p>\n<p>&nbsp;<\/p>\n<p>&nbsp;<\/p>\n<p>October<\/p>\n<p><a href=\"http:\/\/www.museummurten\/wp-content\/uploads\/2015\/09\/Absinthverbot.jpg\"><img loading=\"lazy\" decoding=\"async\" class=\"alignnone size-full wp-image-1887\" alt=\"Absinthverbot\" src=\"http:\/\/www.museummurten\/wp-content\/uploads\/2015\/09\/Absinthverbot.jpg\" width=\"515\" height=\"749\" srcset=\"https:\/\/www.museummurten.ch\/wp-content\/uploads\/2015\/09\/Absinthverbot.jpg 515w, https:\/\/www.museummurten.ch\/wp-content\/uploads\/2015\/09\/Absinthverbot-206x300.jpg 206w\" sizes=\"auto, (max-width: 515px) 100vw, 515px\" \/><\/a><\/p>\n<p>\u201eLA FIN DE LA F\u00c9E VERTE\u201c<\/p>\n<p>Extrait du journal \u201eGuguss\u201c<\/p>\n<p>Albert Gantner, 1910<\/p>\n<p>&nbsp;<\/p>\n<p>September<\/p>\n<p><a href=\"http:\/\/www.museummurten\/wp-content\/uploads\/2012\/08\/vue-de-morat.jpg\"><img loading=\"lazy\" decoding=\"async\" class=\"alignnone size-full wp-image-1864\" alt=\"vue de morat\" src=\"http:\/\/www.museummurten\/wp-content\/uploads\/2012\/08\/vue-de-morat.jpg\" width=\"515\" height=\"324\" srcset=\"https:\/\/www.museummurten.ch\/wp-content\/uploads\/2012\/08\/vue-de-morat.jpg 515w, https:\/\/www.museummurten.ch\/wp-content\/uploads\/2012\/08\/vue-de-morat-300x188.jpg 300w\" sizes=\"auto, (max-width: 515px) 100vw, 515px\" \/><\/a><\/p>\n<p>VUE DE MORAT DANS LE CANTON DE BERN<\/p>\n<p>Dunker \/ Wyss<\/p>\n<p>Gravure color\u00e9e, 18<sup>i\u00e8me <\/sup>\u00a0si\u00e8cle<\/p>\n<p>&nbsp;<\/p>\n<p>&nbsp;<\/p>\n<p>August<\/p>\n<p><a href=\"http:\/\/www.museummurten\/wp-content\/uploads\/2013\/03\/Lamellenbild.jpg\"><img loading=\"lazy\" decoding=\"async\" class=\"alignnone size-full wp-image-1837\" alt=\"Lamellenbild\" src=\"http:\/\/www.museummurten\/wp-content\/uploads\/2013\/03\/Lamellenbild.jpg\" width=\"515\" height=\"652\" srcset=\"https:\/\/www.museummurten.ch\/wp-content\/uploads\/2013\/03\/Lamellenbild.jpg 515w, https:\/\/www.museummurten.ch\/wp-content\/uploads\/2013\/03\/Lamellenbild-236x300.jpg 236w\" sizes=\"auto, (max-width: 515px) 100vw, 515px\" \/><\/a><\/p>\n<p>PEINTURE ANAMORPHOSE<\/p>\n<p>LUTHER, ZWINGLI ET FAREL<\/p>\n<p>Gouache sur papier, 19<sup>\u00e8me<\/sup> si\u00e8cle<\/p>\n<p>&nbsp;<\/p>\n<p>July<\/p>\n<p><a href=\"http:\/\/www.museummurten\/wp-content\/uploads\/2013\/03\/Vogtei-Avenches1.jpg\"><img loading=\"lazy\" decoding=\"async\" class=\"alignnone size-full wp-image-1832\" alt=\"Vogtei Avenches\" src=\"http:\/\/www.museummurten\/wp-content\/uploads\/2013\/03\/Vogtei-Avenches1.jpg\" width=\"515\" height=\"358\" srcset=\"https:\/\/www.museummurten.ch\/wp-content\/uploads\/2013\/03\/Vogtei-Avenches1.jpg 515w, https:\/\/www.museummurten.ch\/wp-content\/uploads\/2013\/03\/Vogtei-Avenches1-300x208.jpg 300w\" sizes=\"auto, (max-width: 515px) 100vw, 515px\" \/><\/a><\/p>\n<p>&nbsp;<\/p>\n<p>CARTE DU BAILLIAGE D&#8217;AVENCHES<\/p>\n<p>Pierre Willommet, 1745<\/p>\n<p>Lithographie, Jules F. Piccard, 1846,<\/p>\n<p>&nbsp;<\/p>\n<p>June<\/p>\n<p><a href=\"http:\/\/www.museummurten\/wp-content\/uploads\/2012\/08\/KarteBistumBasel.jpg\"><img loading=\"lazy\" decoding=\"async\" class=\"alignnone size-full wp-image-1813\" alt=\"KarteBistumBasel\" src=\"http:\/\/www.museummurten\/wp-content\/uploads\/2012\/08\/KarteBistumBasel.jpg\" width=\"515\" height=\"406\" srcset=\"https:\/\/www.museummurten.ch\/wp-content\/uploads\/2012\/08\/KarteBistumBasel.jpg 515w, https:\/\/www.museummurten.ch\/wp-content\/uploads\/2012\/08\/KarteBistumBasel-300x236.jpg 300w\" sizes=\"auto, (max-width: 515px) 100vw, 515px\" \/><\/a><\/p>\n<p>NOUVELLE CARTE G\u00c9OGRAPHIQUE DE LA SUISSE<\/p>\n<p>CONTENANT LES CANTONS DE BERNE, FRIBOURG,<\/p>\n<p>SOLEURE, B\u00c2LE ET LES TERRES DE L\u2019\u00c9V\u00caCH\u00c9 DE B\u00c2LE<\/p>\n<p>D\u2019apr\u00e8s le dessin de Johann Jakob Scheuchzer<\/p>\n<p>R. &amp; J. Wetstein und G. Smith, Amsterdam<\/p>\n<p>Gravure, vers 1778<\/p>\n<p>&nbsp;<\/p>\n<p>May<\/p>\n<p><a href=\"http:\/\/www.museummurten\/wp-content\/uploads\/2013\/03\/Ansicht-auf-Murten.jpg\"><img loading=\"lazy\" decoding=\"async\" class=\"alignnone size-full wp-image-1782\" alt=\"Ansicht auf Murten\" src=\"http:\/\/www.museummurten\/wp-content\/uploads\/2013\/03\/Ansicht-auf-Murten.jpg\" width=\"515\" height=\"322\" srcset=\"https:\/\/www.museummurten.ch\/wp-content\/uploads\/2013\/03\/Ansicht-auf-Murten.jpg 515w, https:\/\/www.museummurten.ch\/wp-content\/uploads\/2013\/03\/Ansicht-auf-Murten-300x187.jpg 300w\" sizes=\"auto, (max-width: 515px) 100vw, 515px\" \/><\/a><\/p>\n<p>VUE DE MORAT<\/p>\n<p>David Alois Schmid, 1791-1861<\/p>\n<p>Gouache sur papier<\/p>\n<p>&nbsp;<\/p>\n<p>April<\/p>\n<p><a href=\"http:\/\/www.museummurten\/wp-content\/uploads\/2013\/03\/Bonjour.jpg\"><img loading=\"lazy\" decoding=\"async\" class=\"alignnone size-full wp-image-1747\" alt=\"Bonjour\" src=\"http:\/\/www.museummurten\/wp-content\/uploads\/2013\/03\/Bonjour.jpg\" width=\"515\" height=\"616\" srcset=\"https:\/\/www.museummurten.ch\/wp-content\/uploads\/2013\/03\/Bonjour.jpg 515w, https:\/\/www.museummurten.ch\/wp-content\/uploads\/2013\/03\/Bonjour-250x300.jpg 250w\" sizes=\"auto, (max-width: 515px) 100vw, 515px\" \/><\/a><\/p>\n<p>JOHANN FRIEDRICH VISSAULA<\/p>\n<p>Jean-Baptiste Bonjour (1801-1882)<\/p>\n<p>Oil on canvas, about 1830<\/p>\n<p>&nbsp;<\/p>\n<p>December<\/p>\n<p><a href=\"http:\/\/www.museummurten\/wp-content\/uploads\/2013\/03\/DSC05539.jpg\"><img loading=\"lazy\" decoding=\"async\" class=\"alignnone size-full wp-image-1669\" alt=\"SONY DSC\" src=\"http:\/\/www.museummurten\/wp-content\/uploads\/2013\/03\/DSC05539.jpg\" width=\"515\" height=\"375\" srcset=\"https:\/\/www.museummurten.ch\/wp-content\/uploads\/2013\/03\/DSC05539.jpg 515w, https:\/\/www.museummurten.ch\/wp-content\/uploads\/2013\/03\/DSC05539-300x218.jpg 300w\" sizes=\"auto, (max-width: 515px) 100vw, 515px\" \/><\/a><\/p>\n<p>L\u2019HIVER \u00c0 MORAT<\/p>\n<p>Gustav Wattelet (1854 \u2013 1936)<\/p>\n<p>Photographie, vers 1900<\/p>\n<p>&nbsp;<\/p>\n<p>November<\/p>\n<p><a href=\"http:\/\/www.museummurten\/wp-content\/uploads\/2013\/03\/Villar.jpg\"><img loading=\"lazy\" decoding=\"async\" class=\"alignnone size-full wp-image-1658\" alt=\"Villar\" src=\"http:\/\/www.museummurten\/wp-content\/uploads\/2013\/03\/Villar.jpg\" width=\"515\" height=\"307\" srcset=\"https:\/\/www.museummurten.ch\/wp-content\/uploads\/2013\/03\/Villar.jpg 515w, https:\/\/www.museummurten.ch\/wp-content\/uploads\/2013\/03\/Villar-300x178.jpg 300w\" sizes=\"auto, (max-width: 515px) 100vw, 515px\" \/><\/a><\/p>\n<p>SORTIE DU VILLAGE DE VILLARS VERS MORAT<\/p>\n<p>Hippolyte de Boug d&#8217;Orschwiller (1810 &#8211; 1868)<\/p>\n<p>Lithographie color\u00e9e, avant 1868<\/p>\n<p>&nbsp;<\/p>\n<p>October<\/p>\n<p><a href=\"http:\/\/www.museummurten\/wp-content\/uploads\/2013\/03\/MurtenHerrliberg-1.jpg\"><img loading=\"lazy\" decoding=\"async\" class=\"alignnone size-full wp-image-1569\" alt=\"SONY DSC\" src=\"http:\/\/www.museummurten\/wp-content\/uploads\/2013\/03\/MurtenHerrliberg-1.jpg\" width=\"515\" height=\"340\" srcset=\"https:\/\/www.museummurten.ch\/wp-content\/uploads\/2013\/03\/MurtenHerrliberg-1.jpg 515w, https:\/\/www.museummurten.ch\/wp-content\/uploads\/2013\/03\/MurtenHerrliberg-1-300x198.jpg 300w\" sizes=\"auto, (max-width: 515px) 100vw, 515px\" \/><\/a><\/p>\n<p>MURTEN VON DER S\u00dcD SEITEN<\/p>\n<p>N. Schor \/ D. Herrliberger Engraving, 1755<\/p>\n<p>&nbsp;<\/p>\n<p>September<\/p>\n<p><a href=\"http:\/\/www.museummurten\/wp-content\/uploads\/2013\/03\/M\u00f4tier.jpg\"><img loading=\"lazy\" decoding=\"async\" class=\"alignnone size-full wp-image-1553\" alt=\"M\u00f4tier\" src=\"http:\/\/www.museummurten\/wp-content\/uploads\/2013\/03\/M\u00f4tier.jpg\" width=\"515\" height=\"382\" srcset=\"https:\/\/www.museummurten.ch\/wp-content\/uploads\/2013\/03\/M\u00f4tier.jpg 515w, https:\/\/www.museummurten.ch\/wp-content\/uploads\/2013\/03\/M\u00f4tier-300x222.jpg 300w\" sizes=\"auto, (max-width: 515px) 100vw, 515px\" \/><\/a><\/p>\n<p>M\u00d4TIER<\/p>\n<p>Lucien Guinnard (1920 &#8211; 1993)<\/p>\n<p>Oil on canvas, 1988<\/p>\n<p>&nbsp;<\/p>\n<p>August<\/p>\n<p><a href=\"http:\/\/www.museummurten\/wp-content\/uploads\/2013\/03\/Kinkelin.jpg\"><img loading=\"lazy\" decoding=\"async\" class=\"alignnone size-full wp-image-1533\" alt=\"Kinkelin\" src=\"http:\/\/www.museummurten\/wp-content\/uploads\/2013\/03\/Kinkelin.jpg\" width=\"515\" height=\"361\" srcset=\"https:\/\/www.museummurten.ch\/wp-content\/uploads\/2013\/03\/Kinkelin.jpg 515w, https:\/\/www.museummurten.ch\/wp-content\/uploads\/2013\/03\/Kinkelin-300x210.jpg 300w\" sizes=\"auto, (max-width: 515px) 100vw, 515px\" \/><\/a><\/p>\n<p>&nbsp;<\/p>\n<p>July<\/p>\n<p><a href=\"http:\/\/www.museummurten\/wp-content\/uploads\/2013\/03\/Bauer-aus-Web.jpg\"><img loading=\"lazy\" decoding=\"async\" class=\"alignnone size-full wp-image-1506\" alt=\"Bauer  Web\" src=\"http:\/\/www.museummurten\/wp-content\/uploads\/2013\/03\/Bauer-aus-Web.jpg\" width=\"515\" height=\"611\" srcset=\"https:\/\/www.museummurten.ch\/wp-content\/uploads\/2013\/03\/Bauer-aus-Web.jpg 515w, https:\/\/www.museummurten.ch\/wp-content\/uploads\/2013\/03\/Bauer-aus-Web-252x300.jpg 252w\" sizes=\"auto, (max-width: 515px) 100vw, 515px\" \/><\/a><\/p>\n<p>PAYSAN DE LA R\u00c9GION DE MORAT<\/p>\n<p>Franz Niklaus K\u00f6nig (1765 &#8211; 1832)<\/p>\n<p>Aquarel, about 1800<\/p>\n<p>&nbsp;<\/p>\n<p>June<\/p>\n<p><a href=\"http:\/\/www.museummurten\/wp-content\/uploads\/2013\/03\/Alle-Lausannestrasse.jpg\"><img loading=\"lazy\" decoding=\"async\" class=\"alignnone size-full wp-image-1482\" alt=\"Alle Lausannestrasse\" src=\"http:\/\/www.museummurten\/wp-content\/uploads\/2013\/03\/Alle-Lausannestrasse.jpg\" width=\"515\" height=\"402\" srcset=\"https:\/\/www.museummurten.ch\/wp-content\/uploads\/2013\/03\/Alle-Lausannestrasse.jpg 515w, https:\/\/www.museummurten.ch\/wp-content\/uploads\/2013\/03\/Alle-Lausannestrasse-300x234.jpg 300w\" sizes=\"auto, (max-width: 515px) 100vw, 515px\" \/><\/a><\/p>\n<p class=\"MsoNormal\">ALLEE DER LAUSANNESTRASSE <b style=\"mso-bidi-font-weight: normal;\"><\/b><\/p>\n<p class=\"MsoNormal\">Friedrich Rubli (1865 &#8211; 1949)<\/p>\n<p class=\"MsoNormal\">Oil on canvas, 1925<\/p>\n<p>&nbsp;<\/p>\n<p>May<\/p>\n<p><a href=\"http:\/\/www.museummurten\/wp-content\/uploads\/2013\/03\/L\u00f6wenbergobjekt.jpg\"><img loading=\"lazy\" decoding=\"async\" class=\"alignnone size-full wp-image-1459\" alt=\"L\u00f6wenbergobjekt\" src=\"http:\/\/www.museummurten\/wp-content\/uploads\/2013\/03\/L\u00f6wenbergobjekt.jpg\" width=\"515\" height=\"279\" srcset=\"https:\/\/www.museummurten.ch\/wp-content\/uploads\/2013\/03\/L\u00f6wenbergobjekt.jpg 515w, https:\/\/www.museummurten.ch\/wp-content\/uploads\/2013\/03\/L\u00f6wenbergobjekt-300x162.jpg 300w\" sizes=\"auto, (max-width: 515px) 100vw, 515px\" \/><\/a><\/p>\n<p>VUE SUR LE CH\u00c2TEAU DE L\u00d6WENBERG<\/p>\n<p>Albrecht Kauw (1616-1681)<\/p>\n<p>Oil on canvas, about 1670<\/p>\n<p>&nbsp;<\/p>\n<p>April<\/p>\n<p><a href=\"http:\/\/www.museummurten\/wp-content\/uploads\/2013\/03\/AnnaVissaula.jpg\"><img loading=\"lazy\" decoding=\"async\" class=\"alignnone size-full wp-image-1438\" alt=\"AnnaVissaula\" src=\"http:\/\/www.museummurten\/wp-content\/uploads\/2013\/03\/AnnaVissaula.jpg\" width=\"515\" height=\"616\" srcset=\"https:\/\/www.museummurten.ch\/wp-content\/uploads\/2013\/03\/AnnaVissaula.jpg 515w, https:\/\/www.museummurten.ch\/wp-content\/uploads\/2013\/03\/AnnaVissaula-250x300.jpg 250w\" sizes=\"auto, (max-width: 515px) 100vw, 515px\" \/><\/a><\/p>\n<p>ANNA VISSAULA<\/p>\n<p>Jean-Baptiste Bonjour (1801-1882)<\/p>\n<p>Oil on canvas, about 1840<\/p>\n<p>&nbsp;<\/p>\n<p>December<\/p>\n<p><a href=\"http:\/\/www.museummurten\/wp-content\/uploads\/2013\/03\/6244.jpg\"><img loading=\"lazy\" decoding=\"async\" class=\"alignnone size-full wp-image-1358\" alt=\"6244\" src=\"http:\/\/www.museummurten\/wp-content\/uploads\/2013\/03\/6244.jpg\" width=\"515\" height=\"319\" \/><\/a><\/p>\n<p>&#8220;VUE DE SUISSE&#8230;ODER: DIE FLUCHT NACH \u00c4GYPTEN&#8221;<\/p>\n<p>Alexis Nicolas P\u00e9rignon (1726-1782)<\/p>\n<p>Aquarell auf Papier, 1775<\/p>\n<p>&nbsp;<\/p>\n<p>November<\/p>\n<p><a href=\"http:\/\/www.museummurten\/wp-content\/uploads\/2013\/03\/Allee.jpg\"><img loading=\"lazy\" decoding=\"async\" class=\"alignnone size-full wp-image-1317\" alt=\"Allee\" src=\"http:\/\/www.museummurten\/wp-content\/uploads\/2013\/03\/Allee.jpg\" width=\"515\" height=\"648\" srcset=\"https:\/\/www.museummurten.ch\/wp-content\/uploads\/2013\/03\/Allee.jpg 515w, https:\/\/www.museummurten.ch\/wp-content\/uploads\/2013\/03\/Allee-238x300.jpg 238w\" sizes=\"auto, (max-width: 515px) 100vw, 515px\" \/><\/a><\/p>\n<p>ALLEE DANS LE CHABLAIS<\/p>\n<p>Friedrich Rubli (1865 &#8211; 1949)<\/p>\n<p>Aquarelle sur papier, 1935<\/p>\n<p>October<\/p>\n<p><a href=\"http:\/\/www.museummurten\/wp-content\/uploads\/2013\/03\/BildOkt2.jpg\"><img loading=\"lazy\" decoding=\"async\" class=\"alignnone size-full wp-image-1285\" alt=\"BildOkt\" src=\"http:\/\/www.museummurten\/wp-content\/uploads\/2013\/03\/BildOkt2.jpg\" width=\"515\" height=\"348\" srcset=\"https:\/\/www.museummurten.ch\/wp-content\/uploads\/2013\/03\/BildOkt2.jpg 515w, https:\/\/www.museummurten.ch\/wp-content\/uploads\/2013\/03\/BildOkt2-300x202.jpg 300w\" sizes=\"auto, (max-width: 515px) 100vw, 515px\" \/><\/a><\/p>\n<p>VUE OF MORAT<\/p>\n<p>Oil, 1750-1753<\/p>\n<p>&nbsp;<\/p>\n<p>September<\/p>\n<p><a href=\"http:\/\/www.museummurten\/wp-content\/uploads\/2013\/03\/Bild.jpg\"><img loading=\"lazy\" decoding=\"async\" class=\"alignnone size-full wp-image-1254\" alt=\"Bild\" src=\"http:\/\/www.museummurten\/wp-content\/uploads\/2013\/03\/Bild.jpg\" width=\"515\" height=\"358\" srcset=\"https:\/\/www.museummurten.ch\/wp-content\/uploads\/2013\/03\/Bild.jpg 515w, https:\/\/www.museummurten.ch\/wp-content\/uploads\/2013\/03\/Bild-300x208.jpg 300w\" sizes=\"auto, (max-width: 515px) 100vw, 515px\" \/><\/a>\u00a0<\/p>\n<p><!-- [if gte mso 9]><xml>\n<o:officedocumentsettings>\n<o:allowpng><\/o:allowpng>\n<\/o:officedocumentsettings>\n<\/xml>< ![endif]--><!-- [if gte mso 9]><xml>\n<w:worddocument>\n<w:view>Normal<\/w:view>\n<w:zoom>0<\/w:zoom>\n<w:trackmoves><\/w:trackmoves>\n<w:trackformatting><\/w:trackformatting>\n<w:hyphenationzone>21<\/w:hyphenationzone>\n<w:punctuationkerning><\/w:punctuationkerning>\n<w:validateagainstschemas><\/w:validateagainstschemas>\n<w:saveifxmlinvalid>false<\/w:saveifxmlinvalid>\n<w:ignoremixedcontent>false<\/w:ignoremixedcontent>\n<w:alwaysshowplaceholdertext>false<\/w:alwaysshowplaceholdertext>\n<w:donotpromoteqf><\/w:donotpromoteqf>\n<w:lidthemeother>DE-CH<\/w:lidthemeother>\n<w:lidthemeasian>X-NONE<\/w:lidthemeasian>\n<w:lidthemecomplexscript>X-NONE<\/w:lidthemecomplexscript>\n<w:compatibility>\n<w:breakwrappedtables><\/w:breakwrappedtables>\n<w:snaptogridincell><\/w:snaptogridincell>\n<w:wraptextwithpunct><\/w:wraptextwithpunct>\n<w:useasianbreakrules><\/w:useasianbreakrules>\n<w:dontgrowautofit><\/w:dontgrowautofit>\n<w:splitpgbreakandparamark><\/w:splitpgbreakandparamark>\n<w:enableopentypekerning><\/w:enableopentypekerning>\n<w:dontflipmirrorindents><\/w:dontflipmirrorindents>\n<w:overridetablestylehps><\/w:overridetablestylehps>\n<\/w:compatibility>\n<m:mathpr>\n<m:mathfont m:val=\"Cambria Math\"><\/m:mathfont>\n<m:brkbin m:val=\"before\"><\/m:brkbin>\n<m:brkbinsub m:val=\"--\"><\/m:brkbinsub>\n<m:smallfrac m:val=\"off\"><\/m:smallfrac>\n<m:dispdef><\/m:dispdef>\n<m:lmargin m:val=\"0\"><\/m:lmargin>\n<m:rmargin m:val=\"0\"><\/m:rmargin>\n<m:defjc m:val=\"centerGroup\"><\/m:defjc>\n<m:wrapindent m:val=\"1440\"><\/m:wrapindent>\n<m:intlim m:val=\"subSup\"><\/m:intlim>\n<m:narylim m:val=\"undOvr\"><\/m:narylim>\n<\/m:mathpr><\/w:worddocument>\n<\/xml>< ![endif]--><\/p>\n","protected":false},"excerpt":{"rendered":"<p>November ANNE DE ROUGEMONT (1760 &#8211; ?) Nicolas Benjamin Delapierre (1739 &#8211; 1802) Oil on canvas, about 1780 &nbsp; &nbsp; October \u201eLA FIN DE LA F\u00c9E VERTE\u201c Extrait du journal \u201eGuguss\u201c Albert Gantner, 1910 &nbsp; September VUE DE MORAT DANS LE CANTON DE BERN Dunker \/ Wyss Gravure color\u00e9e, 18i\u00e8me \u00a0si\u00e8cle &nbsp; &nbsp; August PEINTURE [&hellip;]<\/p>\n","protected":false},"author":2,"featured_media":0,"comment_status":"closed","ping_status":"closed","sticky":false,"template":"","format":"standard","meta":{"footnotes":""},"categories":[33],"tags":[],"class_list":["post-2097","post","type-post","status-publish","format-standard","hentry","category-picture-of-the-month-2"],"_links":{"self":[{"href":"https:\/\/www.museummurten.ch\/en\/wp-json\/wp\/v2\/posts\/2097","targetHints":{"allow":["GET"]}}],"collection":[{"href":"https:\/\/www.museummurten.ch\/en\/wp-json\/wp\/v2\/posts"}],"about":[{"href":"https:\/\/www.museummurten.ch\/en\/wp-json\/wp\/v2\/types\/post"}],"author":[{"embeddable":true,"href":"https:\/\/www.museummurten.ch\/en\/wp-json\/wp\/v2\/users\/2"}],"replies":[{"embeddable":true,"href":"https:\/\/www.museummurten.ch\/en\/wp-json\/wp\/v2\/comments?post=2097"}],"version-history":[{"count":0,"href":"https:\/\/www.museummurten.ch\/en\/wp-json\/wp\/v2\/posts\/2097\/revisions"}],"wp:attachment":[{"href":"https:\/\/www.museummurten.ch\/en\/wp-json\/wp\/v2\/media?parent=2097"}],"wp:term":[{"taxonomy":"category","embeddable":true,"href":"https:\/\/www.museummurten.ch\/en\/wp-json\/wp\/v2\/categories?post=2097"},{"taxonomy":"post_tag","embeddable":true,"href":"https:\/\/www.museummurten.ch\/en\/wp-json\/wp\/v2\/tags?post=2097"}],"curies":[{"name":"wp","href":"https:\/\/api.w.org\/{rel}","templated":true}]}}