{"id":2124,"date":"2016-02-22T09:45:44","date_gmt":"2016-02-22T08:45:44","guid":{"rendered":"http:\/\/www.museummurten\/2016\/02\/francoise-emmenegger-and-catherine-zumkeller-vergaenglichephemere-20-march-31-may-2016\/"},"modified":"2017-05-26T09:27:30","modified_gmt":"2017-05-26T08:27:30","slug":"francoise-emmenegger-and-catherine-zumkeller-vergaenglichephemere-20-march-31-may-2016","status":"publish","type":"post","link":"https:\/\/www.museummurten.ch\/en\/2016\/02\/francoise-emmenegger-and-catherine-zumkeller-vergaenglichephemere-20-march-31-may-2016\/","title":{"rendered":"20 March &#8211; 31 May 2016 | Fran\u00e7oise Emmenegger and Catherine Zumkeller &#8220;Verg\u00e4nglich\/\u00c9ph\u00e9m\u00e8re&#8221;"},"content":{"rendered":"<p>Die Werke von Catherine Zumkeller und Fran\u00e7oise Emmenegger nehmen uns mit auf eine Reise\u2026eine Reflexion \u00fcber das Zerbrechliche\u2026das Verg\u00e4ngliche\u2026Erinnerungen an ein verlorenes Paradies\u2026<\/p>\n<p>Licht- und Schattenspiele, weiche Linien auf Papier, in Bronze gearbeitete Silhouetten, nehmen pflanzliche Formen an, verwandeln sich in anthropomorphe Figuren. Die Sch\u00f6nheit und das Absurde der Verg\u00e4nglichkeit widerspiegeln sich in ihren Werken.<\/p>\n<p>Catherine Zumkeller ist in Bern geboren und lebt heute in Bulle. Als Vollzeitk\u00fcnstlerin nimmt sie regelm\u00e4ssig an Workshops in der Schweiz und Deutschland teil und seit 1990 zeigt sie ihre Werke in Ausstellungen. Catherine Zumkeller bietet \u00f6ffentliche Kurse f\u00fcr Interessierte in ihrem Atelier an. Sie ist Mitglied von Visarte Freiburg.<\/p>\n<p>Fran\u00e7oise Emmenegger studierte zwischen 1986 und 1991 an der Hochschule der K\u00fcnste Bern und an der \u00c9cole Nationale Sup\u00e9rieure des Arts Visuels de la Cambre in Br\u00fcssel. Heute unterrichtet sie Bildnerisches Gestalten in Freiburg. Sie geh\u00f6rt ebenfalls der Vereinigung Visarte Freiburg an.<\/p>\n<p>Mehr als hundert Werke sind auf den f\u00fcnf Stockwerken des Museums ausgestellt.<\/p>\n<p>14. April, 19 Uhr: Fran\u00e7oise Emmenegger und Catherine Zumkeller f\u00fchren durch ihre Ausstellung.<\/p>\n","protected":false},"excerpt":{"rendered":"<p>Die Werke von Catherine Zumkeller und Fran\u00e7oise Emmenegger nehmen uns mit auf eine Reise\u2026eine Reflexion \u00fcber das Zerbrechliche\u2026das Verg\u00e4ngliche\u2026Erinnerungen an ein verlorenes Paradies\u2026 Licht- und Schattenspiele, weiche Linien auf Papier, in Bronze gearbeitete Silhouetten, nehmen pflanzliche Formen an, verwandeln sich in anthropomorphe Figuren. Die Sch\u00f6nheit und das Absurde der Verg\u00e4nglichkeit widerspiegeln sich in ihren Werken. [&hellip;]<\/p>\n","protected":false},"author":2,"featured_media":2280,"comment_status":"closed","ping_status":"open","sticky":false,"template":"","format":"standard","meta":{"footnotes":""},"categories":[25],"tags":[],"class_list":["post-2124","post","type-post","status-publish","format-standard","has-post-thumbnail","hentry","category-temporary"],"_links":{"self":[{"href":"https:\/\/www.museummurten.ch\/en\/wp-json\/wp\/v2\/posts\/2124","targetHints":{"allow":["GET"]}}],"collection":[{"href":"https:\/\/www.museummurten.ch\/en\/wp-json\/wp\/v2\/posts"}],"about":[{"href":"https:\/\/www.museummurten.ch\/en\/wp-json\/wp\/v2\/types\/post"}],"author":[{"embeddable":true,"href":"https:\/\/www.museummurten.ch\/en\/wp-json\/wp\/v2\/users\/2"}],"replies":[{"embeddable":true,"href":"https:\/\/www.museummurten.ch\/en\/wp-json\/wp\/v2\/comments?post=2124"}],"version-history":[{"count":1,"href":"https:\/\/www.museummurten.ch\/en\/wp-json\/wp\/v2\/posts\/2124\/revisions"}],"predecessor-version":[{"id":4002,"href":"https:\/\/www.museummurten.ch\/en\/wp-json\/wp\/v2\/posts\/2124\/revisions\/4002"}],"wp:featuredmedia":[{"embeddable":true,"href":"https:\/\/www.museummurten.ch\/en\/wp-json\/wp\/v2\/media\/2280"}],"wp:attachment":[{"href":"https:\/\/www.museummurten.ch\/en\/wp-json\/wp\/v2\/media?parent=2124"}],"wp:term":[{"taxonomy":"category","embeddable":true,"href":"https:\/\/www.museummurten.ch\/en\/wp-json\/wp\/v2\/categories?post=2124"},{"taxonomy":"post_tag","embeddable":true,"href":"https:\/\/www.museummurten.ch\/en\/wp-json\/wp\/v2\/tags?post=2124"}],"curies":[{"name":"wp","href":"https:\/\/api.w.org\/{rel}","templated":true}]}}