{"id":3673,"date":"2016-06-22T22:07:14","date_gmt":"2016-06-22T21:07:14","guid":{"rendered":"http:\/\/www.museummurten\/en\/?p=3673"},"modified":"2017-05-26T09:27:26","modified_gmt":"2017-05-26T08:27:26","slug":"12-juni-2-oktober-2016-feuer-au-feu","status":"publish","type":"post","link":"https:\/\/www.museummurten.ch\/en\/2016\/06\/12-juni-2-oktober-2016-feuer-au-feu\/","title":{"rendered":"12. Juni &#8211; 2. Oktober 2016 | Feuer!&#8230; Au feu !&#8230;"},"content":{"rendered":"<p><strong>Vernissage Samstag 11. Juni um 18 Uhr<\/strong><\/p>\n<p>Vor 600 Jahren, Anfang April 1416, wurde Murten von einem Brand heimgesucht. Mehrere im Stadtarchiv aufbewahrte Textquellen erw\u00e4hnen diese Katastrophe und geben Auskunft \u00fcber die Massnahmen, die in der Folge des Ereignisses getroffen wurden.<\/p>\n<p>Die Ausstellung \u201eFeuer!\u2026 Au feu!\u2026\u201c beleuchtet anhand verschiedener historischer Objekte und Dokumente die Thematik der Br\u00e4nde und der Brandbek\u00e4mpfung durch die Feuerwehr. Nach einer den positiven und negativen Aspekten rund um das Feuer gewidmeten Einleitung gibt die Ausstellung einen Einblick in die Brandbek\u00e4mpfung, beginnend mit dem Mittelalter und dem grossen Brand in Murten. Im Anschluss zeigt sie die Entwicklung des Materials auf, das der Feuerwehr vom 18. Jahrhundert bis heute zur Verf\u00fcgung stand. Der letzte Teil schliesslich illustriert anhand eindr\u00fccklicher Fotografien und Archivfilme einige Br\u00e4nde, die sich im Kanton Freiburg ereignet haben, und veranschaulicht mit Bildern die Arbeit der Feuerwehr.<\/p>\n<p><img loading=\"lazy\" decoding=\"async\" class=\"size-full wp-image-3665 aligncenter\" src=\"http:\/\/www.museummurten.ch\/wp-content\/uploads\/2016\/06\/Feuer-Au-feu-affiche.jpg\" alt=\"\" width=\"515\" height=\"740\" srcset=\"https:\/\/www.museummurten.ch\/wp-content\/uploads\/2016\/06\/Feuer-Au-feu-affiche.jpg 515w, https:\/\/www.museummurten.ch\/wp-content\/uploads\/2016\/06\/Feuer-Au-feu-affiche-209x300.jpg 209w, https:\/\/www.museummurten.ch\/wp-content\/uploads\/2016\/06\/Feuer-Au-feu-affiche-491x705.jpg 491w, https:\/\/www.museummurten.ch\/wp-content\/uploads\/2016\/06\/Feuer-Au-feu-affiche-450x647.jpg 450w\" sizes=\"auto, (max-width: 515px) 100vw, 515px\" \/><\/p>\n<p>&nbsp;<\/p>\n","protected":false},"excerpt":{"rendered":"<p>Vernissage Samstag 11. Juni um 18 Uhr Vor 600 Jahren, Anfang April 1416, wurde Murten von einem Brand heimgesucht. Mehrere im Stadtarchiv aufbewahrte Textquellen erw\u00e4hnen diese Katastrophe und geben Auskunft \u00fcber die Massnahmen, die in der Folge des Ereignisses getroffen wurden. Die Ausstellung \u201eFeuer!\u2026 Au feu!\u2026\u201c beleuchtet anhand verschiedener historischer Objekte und Dokumente die Thematik [&hellip;]<\/p>\n","protected":false},"author":4,"featured_media":3653,"comment_status":"closed","ping_status":"open","sticky":false,"template":"","format":"standard","meta":{"footnotes":""},"categories":[25],"tags":[],"class_list":["post-3673","post","type-post","status-publish","format-standard","has-post-thumbnail","hentry","category-temporary"],"_links":{"self":[{"href":"https:\/\/www.museummurten.ch\/en\/wp-json\/wp\/v2\/posts\/3673","targetHints":{"allow":["GET"]}}],"collection":[{"href":"https:\/\/www.museummurten.ch\/en\/wp-json\/wp\/v2\/posts"}],"about":[{"href":"https:\/\/www.museummurten.ch\/en\/wp-json\/wp\/v2\/types\/post"}],"author":[{"embeddable":true,"href":"https:\/\/www.museummurten.ch\/en\/wp-json\/wp\/v2\/users\/4"}],"replies":[{"embeddable":true,"href":"https:\/\/www.museummurten.ch\/en\/wp-json\/wp\/v2\/comments?post=3673"}],"version-history":[{"count":2,"href":"https:\/\/www.museummurten.ch\/en\/wp-json\/wp\/v2\/posts\/3673\/revisions"}],"predecessor-version":[{"id":3699,"href":"https:\/\/www.museummurten.ch\/en\/wp-json\/wp\/v2\/posts\/3673\/revisions\/3699"}],"wp:featuredmedia":[{"embeddable":true,"href":"https:\/\/www.museummurten.ch\/en\/wp-json\/wp\/v2\/media\/3653"}],"wp:attachment":[{"href":"https:\/\/www.museummurten.ch\/en\/wp-json\/wp\/v2\/media?parent=3673"}],"wp:term":[{"taxonomy":"category","embeddable":true,"href":"https:\/\/www.museummurten.ch\/en\/wp-json\/wp\/v2\/categories?post=3673"},{"taxonomy":"post_tag","embeddable":true,"href":"https:\/\/www.museummurten.ch\/en\/wp-json\/wp\/v2\/tags?post=3673"}],"curies":[{"name":"wp","href":"https:\/\/api.w.org\/{rel}","templated":true}]}}