{"id":4193,"date":"2018-02-02T15:23:24","date_gmt":"2018-02-02T14:23:24","guid":{"rendered":"http:\/\/www.museummurten.ch\/?p=4193"},"modified":"2018-02-02T16:19:55","modified_gmt":"2018-02-02T15:19:55","slug":"02-february-04-march-2018-exhibition-light-festival","status":"publish","type":"post","link":"https:\/\/www.museummurten.ch\/en\/2018\/02\/02-february-04-march-2018-exhibition-light-festival\/","title":{"rendered":"02 February &#8211; 04 March 2018 | Exhibition &#8220;Licht-Festival\/Festival des Lumi\u00e8res&#8221;"},"content":{"rendered":"<ul>\n<li>Francis Moret: Alle Wege&#8230; m\u00e8nent \u00e0 Morat<\/li>\n<li>L&#8217;Institut cr\u00e9ole (Wojtek Klakla\u00a0and Pierre-Alain Morel): Feu au Mus\u00e9e<\/li>\n<li>Bertrand Kurzo: Scorpio<\/li>\n<li>Pauline Saglio\u00a0and Mathieu Rivier: Th\u00e9\u00e2tre des souvenirs<\/li>\n<li>Wanderzikus, (EPFZ): Natur des Lichts<\/li>\n<li>Cee-Roo: World Music<\/li>\n<li>Co de Domdidier: L&#8217;ICE sociation<\/li>\n<\/ul>\n<p>Friday and Saturday: 2pm &#8211; 5pm<\/p>\n<p>Sunday: 10am &#8211; 5pm<\/p>\n","protected":false},"excerpt":{"rendered":"<p>Francis Moret: Alle Wege&#8230; m\u00e8nent \u00e0 Morat L&#8217;Institut cr\u00e9ole (Wojtek Klakla\u00a0and Pierre-Alain Morel): Feu au Mus\u00e9e Bertrand Kurzo: Scorpio Pauline Saglio\u00a0and Mathieu Rivier: Th\u00e9\u00e2tre des souvenirs Wanderzikus, (EPFZ): Natur des Lichts Cee-Roo: World Music Co de Domdidier: L&#8217;ICE sociation Friday and Saturday: 2pm &#8211; 5pm Sunday: 10am &#8211; 5pm<\/p>\n","protected":false},"author":2,"featured_media":4184,"comment_status":"closed","ping_status":"closed","sticky":false,"template":"","format":"standard","meta":{"footnotes":""},"categories":[25],"tags":[],"class_list":["post-4193","post","type-post","status-publish","format-standard","has-post-thumbnail","hentry","category-temporary"],"_links":{"self":[{"href":"https:\/\/www.museummurten.ch\/en\/wp-json\/wp\/v2\/posts\/4193","targetHints":{"allow":["GET"]}}],"collection":[{"href":"https:\/\/www.museummurten.ch\/en\/wp-json\/wp\/v2\/posts"}],"about":[{"href":"https:\/\/www.museummurten.ch\/en\/wp-json\/wp\/v2\/types\/post"}],"author":[{"embeddable":true,"href":"https:\/\/www.museummurten.ch\/en\/wp-json\/wp\/v2\/users\/2"}],"replies":[{"embeddable":true,"href":"https:\/\/www.museummurten.ch\/en\/wp-json\/wp\/v2\/comments?post=4193"}],"version-history":[{"count":5,"href":"https:\/\/www.museummurten.ch\/en\/wp-json\/wp\/v2\/posts\/4193\/revisions"}],"predecessor-version":[{"id":4195,"href":"https:\/\/www.museummurten.ch\/en\/wp-json\/wp\/v2\/posts\/4193\/revisions\/4195"}],"wp:featuredmedia":[{"embeddable":true,"href":"https:\/\/www.museummurten.ch\/en\/wp-json\/wp\/v2\/media\/4184"}],"wp:attachment":[{"href":"https:\/\/www.museummurten.ch\/en\/wp-json\/wp\/v2\/media?parent=4193"}],"wp:term":[{"taxonomy":"category","embeddable":true,"href":"https:\/\/www.museummurten.ch\/en\/wp-json\/wp\/v2\/categories?post=4193"},{"taxonomy":"post_tag","embeddable":true,"href":"https:\/\/www.museummurten.ch\/en\/wp-json\/wp\/v2\/tags?post=4193"}],"curies":[{"name":"wp","href":"https:\/\/api.w.org\/{rel}","templated":true}]}}