{"id":8097,"date":"2023-03-22T12:33:34","date_gmt":"2023-03-22T11:33:34","guid":{"rendered":"https:\/\/www.museummurten.ch\/?p=8097"},"modified":"2023-03-22T12:33:34","modified_gmt":"2023-03-22T11:33:34","slug":"aqua-modis-24-03-21-05-2023","status":"publish","type":"post","link":"https:\/\/www.museummurten.ch\/en\/2023\/03\/aqua-modis-24-03-21-05-2023\/","title":{"rendered":"Aqua Modis (24.03-21.05.2023)"},"content":{"rendered":"<p><strong>Ausstellung<\/strong><\/p>\n<p>F\u00fcr die erste Ausstellung im Jahr 2023 hat das Museum Murten ein Gemeinschaftsprojekt ausgew\u00e4hlt, dessen Ziel es ist, das zeitgen\u00f6ssische Schaffen im Bereich der visuellen K\u00fcnste zu w\u00fcrdigen. Zu diesem Zweck hat sich das Museum in einen Raum der Begegnung und der Suche verwandelt.<\/p>\n<p>Aqua Modis ist als Dialog zwischen f\u00fcnf jungen, aufstrebenden Schweizer Kunstschaffenden gedacht, die die Unterschiede und Gemeinsamkeiten ihrer Praktiken sowohl in formaler als auch in materieller Hinsicht erforschen. Sie arbeiten rund um das Thema Wasser als Quelle des Lebens und Symbol der Erneuerung und zeigen so das Ergebnis einer zwischenmenschlichen Reflexion, die die Grundlage f\u00fcr die Zusammenarbeit bildet.<\/p>\n<p>Die ausgestellten Werke vermischen sich mit den historischen Objekten des Museums Murten und laden die Besucher dazu ein, an dieser kollektiven Reflexion teilzunehmen, indem sie die Logik des Ortes, seinen Bezug zur Zeit und zu den Sammlungsartefakten hinterfragen.<\/p>\n<p><strong>Wir danken den ausgestellten K\u00fcnstlern<\/strong>:<\/p>\n<ul>\n<li>Bacchi<\/li>\n<li>Fabio Guida<\/li>\n<li>Anton Hasler<\/li>\n<li>Audrey Manfredi<\/li>\n<li>Romain Buffetrille<\/li>\n<\/ul>\n<p><strong>Veranstaltungen<\/strong><\/p>\n<p>23.3.23 &#8211; Vernissage, 18.30<\/p>\n<p>30.4.23 \u2013 \u00f6ffentliche F\u00fchrung in Anwesenheit der K\u00fcnstler, 15.30<\/p>\n<p>16.5.23 \u2013 \u00f6ffentliche F\u00fchrung in Anwesenheit der K\u00fcnstler, mit Aperitif, 18.30<\/p>\n<p>21.5.23 &#8211; Finissage der Ausstellung, 15.30<\/p>\n","protected":false},"excerpt":{"rendered":"<p>Ausstellung F\u00fcr die erste Ausstellung im Jahr 2023 hat das Museum Murten ein Gemeinschaftsprojekt ausgew\u00e4hlt, dessen Ziel es ist, das zeitgen\u00f6ssische Schaffen im Bereich der visuellen K\u00fcnste zu w\u00fcrdigen. Zu diesem Zweck hat sich das Museum in einen Raum der Begegnung und der Suche verwandelt. Aqua Modis ist als Dialog zwischen f\u00fcnf jungen, aufstrebenden Schweizer [&hellip;]<\/p>\n","protected":false},"author":2,"featured_media":8089,"comment_status":"closed","ping_status":"closed","sticky":false,"template":"","format":"standard","meta":{"footnotes":""},"categories":[25],"tags":[],"class_list":["post-8097","post","type-post","status-publish","format-standard","has-post-thumbnail","hentry","category-temporary"],"_links":{"self":[{"href":"https:\/\/www.museummurten.ch\/en\/wp-json\/wp\/v2\/posts\/8097","targetHints":{"allow":["GET"]}}],"collection":[{"href":"https:\/\/www.museummurten.ch\/en\/wp-json\/wp\/v2\/posts"}],"about":[{"href":"https:\/\/www.museummurten.ch\/en\/wp-json\/wp\/v2\/types\/post"}],"author":[{"embeddable":true,"href":"https:\/\/www.museummurten.ch\/en\/wp-json\/wp\/v2\/users\/2"}],"replies":[{"embeddable":true,"href":"https:\/\/www.museummurten.ch\/en\/wp-json\/wp\/v2\/comments?post=8097"}],"version-history":[{"count":2,"href":"https:\/\/www.museummurten.ch\/en\/wp-json\/wp\/v2\/posts\/8097\/revisions"}],"predecessor-version":[{"id":8197,"href":"https:\/\/www.museummurten.ch\/en\/wp-json\/wp\/v2\/posts\/8097\/revisions\/8197"}],"wp:featuredmedia":[{"embeddable":true,"href":"https:\/\/www.museummurten.ch\/en\/wp-json\/wp\/v2\/media\/8089"}],"wp:attachment":[{"href":"https:\/\/www.museummurten.ch\/en\/wp-json\/wp\/v2\/media?parent=8097"}],"wp:term":[{"taxonomy":"category","embeddable":true,"href":"https:\/\/www.museummurten.ch\/en\/wp-json\/wp\/v2\/categories?post=8097"},{"taxonomy":"post_tag","embeddable":true,"href":"https:\/\/www.museummurten.ch\/en\/wp-json\/wp\/v2\/tags?post=8097"}],"curies":[{"name":"wp","href":"https:\/\/api.w.org\/{rel}","templated":true}]}}