{"id":2043,"date":"2009-03-10T23:22:16","date_gmt":"2009-03-10T22:22:16","guid":{"rendered":"http:\/\/www.museummurten\/2009\/03\/sorcieres-imaginees-et-persecutees-dans-le-canton-de-fribourg-29-mars-16-aout-2009\/"},"modified":"2016-06-19T13:45:59","modified_gmt":"2016-06-19T12:45:59","slug":"sorcieres-imaginees-et-persecutees-dans-le-canton-de-fribourg-29-mars-16-aout-2009","status":"publish","type":"post","link":"https:\/\/www.museummurten.ch\/fr\/2009\/03\/sorcieres-imaginees-et-persecutees-dans-le-canton-de-fribourg-29-mars-16-aout-2009\/","title":{"rendered":"29 mars &#8211; 16 ao\u00fbt 2009 | \u00ab\u00a0Sorci\u00e8res : Imagin\u00e9es et pers\u00e9cut\u00e9es dans le canton de Fribourg\u00a0\u00bb"},"content":{"rendered":"<p>Du 15<sup>\u00e8me<\/sup> au 18<sup>\u00e8me<\/sup> si\u00e8cle des femmes consid\u00e9r\u00e9es comme sorci\u00e8res ont \u00e9t\u00e9 br\u00fbl\u00e9es dans toute l\u2019Europe. Dans le canton de Fribourg aussi, beaucoup de femmes et d\u2019hommes ont \u00e9t\u00e9 accus\u00e9s et punis pour d\u00e9lit de sorcellerie. Au Moyen-Age les \u00eatre humains \u00e9taient impuissants face aux malheurs comme les catastrophes naturelles ou les \u00e9pid\u00e9mies. Ils \u00e9taient tout autant incapables de s\u2019expliquer rationnellement les coups du destin. Des innocents ont donc \u00e9t\u00e9 inculp\u00e9s pour avoir port\u00e9 dommage \u00e0 des individus et des animaux par le biais de la magie et de pactes avec le diable. L\u2019image d\u2019une conjuration d\u00e9moniaque dirig\u00e9e contre la chr\u00e9tient\u00e9 et devant par tous les moyens \u00eatre exorcis\u00e9e \u00e9tait tr\u00e8s courante. L\u2019exposition offre un aper\u00e7u sur les repr\u00e9sentations traditionnelles de sorci\u00e8res \u00e9troitement li\u00e9es \u00e0 la magie, la foi religieuse et la superstition. Des \u0153uvres graphiques, des documents originaux, des stations sonores et des objets illustrent l\u2019obscession publique de la chasse \u00e0 la sorci\u00e8re et le cruel chemin d\u2019une femme accus\u00e9e, jug\u00e9e et conduite au b\u00fbcher. Quelques fen\u00eatres ouvertes sur le pr\u00e9sent interrogent sur la superstition, la sorcellerie et la torture au 21<sup>\u00e8me<\/sup> si\u00e8cle.<\/p>\n","protected":false},"excerpt":{"rendered":"<p>Du 15\u00e8me au 18\u00e8me si\u00e8cle des femmes consid\u00e9r\u00e9es comme sorci\u00e8res ont \u00e9t\u00e9 br\u00fbl\u00e9es dans toute l\u2019Europe. Dans le canton de Fribourg aussi, beaucoup de femmes et d\u2019hommes ont \u00e9t\u00e9 accus\u00e9s et punis pour d\u00e9lit de sorcellerie. Au Moyen-Age les \u00eatre humains \u00e9taient impuissants face aux malheurs comme les catastrophes naturelles ou les \u00e9pid\u00e9mies. Ils \u00e9taient [&hellip;]<\/p>\n","protected":false},"author":2,"featured_media":2612,"comment_status":"closed","ping_status":"open","sticky":false,"template":"","format":"standard","meta":{"footnotes":""},"categories":[24],"tags":[],"class_list":["post-2043","post","type-post","status-publish","format-standard","has-post-thumbnail","hentry","category-temporaire-2"],"_links":{"self":[{"href":"https:\/\/www.museummurten.ch\/fr\/wp-json\/wp\/v2\/posts\/2043","targetHints":{"allow":["GET"]}}],"collection":[{"href":"https:\/\/www.museummurten.ch\/fr\/wp-json\/wp\/v2\/posts"}],"about":[{"href":"https:\/\/www.museummurten.ch\/fr\/wp-json\/wp\/v2\/types\/post"}],"author":[{"embeddable":true,"href":"https:\/\/www.museummurten.ch\/fr\/wp-json\/wp\/v2\/users\/2"}],"replies":[{"embeddable":true,"href":"https:\/\/www.museummurten.ch\/fr\/wp-json\/wp\/v2\/comments?post=2043"}],"version-history":[{"count":0,"href":"https:\/\/www.museummurten.ch\/fr\/wp-json\/wp\/v2\/posts\/2043\/revisions"}],"wp:featuredmedia":[{"embeddable":true,"href":"https:\/\/www.museummurten.ch\/fr\/wp-json\/wp\/v2\/media\/2612"}],"wp:attachment":[{"href":"https:\/\/www.museummurten.ch\/fr\/wp-json\/wp\/v2\/media?parent=2043"}],"wp:term":[{"taxonomy":"category","embeddable":true,"href":"https:\/\/www.museummurten.ch\/fr\/wp-json\/wp\/v2\/categories?post=2043"},{"taxonomy":"post_tag","embeddable":true,"href":"https:\/\/www.museummurten.ch\/fr\/wp-json\/wp\/v2\/tags?post=2043"}],"curies":[{"name":"wp","href":"https:\/\/api.w.org\/{rel}","templated":true}]}}