{"id":2046,"date":"2009-09-10T23:21:17","date_gmt":"2009-09-10T22:21:17","guid":{"rendered":"http:\/\/www.museummurten\/2009\/09\/iseut-bersier-17-septembre-1er-novembre-2009\/"},"modified":"2016-06-19T13:45:00","modified_gmt":"2016-06-19T12:45:00","slug":"iseut-bersier-17-septembre-1er-novembre-2009","status":"publish","type":"post","link":"https:\/\/www.museummurten.ch\/fr\/2009\/09\/iseut-bersier-17-septembre-1er-novembre-2009\/","title":{"rendered":"17 septembre &#8211; 1er novembre 2009 | Iseut Bersier"},"content":{"rendered":"<p>Iseut Bersier, n\u00e9e en 1935 \u00e0 Olten, vit et travaille \u00e0 Muntelier. Apr\u00e8s sa formation d\u2019enseignante elle \u00e9tudie de 1961 \u00e0 1968 l\u2019aquarelle, le dessin et la composition \u00e0 l\u2019Ecole d\u2019Arts appliqu\u00e9s de Berne. Lors d\u2019un s\u00e9jour de trois ann\u00e9es \u00e0 Paris, elle poursuit sa formation \u00e0 l\u2019Ecole d\u2019Art de la Ville de Paris et \u00e0 la Grande Chaumi\u00e8re. La musique fait aussi partie de sa vie: elle a obtenu deux dipl\u00f4mes d\u2019organiste au conservatoire de Fribourg. L\u2019\u0153uvre d\u2019Iseut Bersier est per\u00e7ue comme l\u2019expression de la joie de vivre qui l\u2019habite. Les couleurs fra\u00eeches, franches et claires, sont propres \u00e0 son \u0153uvre. Des silhouettes de femmes affirm\u00e9es, des paysages po\u00e9tiques, des lieux au flair m\u00e9diterran\u00e9en sont parmi ses th\u00e8mes artistiques favoris. \u00ab\u2026 et il y\u2019a aussi toujours cette n\u00e9cessit\u00e9 int\u00e9rieure de m\u2019exprimer, de peindre et de faire de la musique, pour mettre en lumi\u00e8re la profusion qui m\u2019habite. Je pense que cela ne finira jamais vraiment.\u00bb<\/p>\n","protected":false},"excerpt":{"rendered":"<p>Iseut Bersier, n\u00e9e en 1935 \u00e0 Olten, vit et travaille \u00e0 Muntelier. Apr\u00e8s sa formation d\u2019enseignante elle \u00e9tudie de 1961 \u00e0 1968 l\u2019aquarelle, le dessin et la composition \u00e0 l\u2019Ecole d\u2019Arts appliqu\u00e9s de Berne. Lors d\u2019un s\u00e9jour de trois ann\u00e9es \u00e0 Paris, elle poursuit sa formation \u00e0 l\u2019Ecole d\u2019Art de la Ville de Paris et [&hellip;]<\/p>\n","protected":false},"author":2,"featured_media":2325,"comment_status":"closed","ping_status":"open","sticky":false,"template":"","format":"standard","meta":{"footnotes":""},"categories":[24],"tags":[],"class_list":["post-2046","post","type-post","status-publish","format-standard","has-post-thumbnail","hentry","category-temporaire-2"],"_links":{"self":[{"href":"https:\/\/www.museummurten.ch\/fr\/wp-json\/wp\/v2\/posts\/2046","targetHints":{"allow":["GET"]}}],"collection":[{"href":"https:\/\/www.museummurten.ch\/fr\/wp-json\/wp\/v2\/posts"}],"about":[{"href":"https:\/\/www.museummurten.ch\/fr\/wp-json\/wp\/v2\/types\/post"}],"author":[{"embeddable":true,"href":"https:\/\/www.museummurten.ch\/fr\/wp-json\/wp\/v2\/users\/2"}],"replies":[{"embeddable":true,"href":"https:\/\/www.museummurten.ch\/fr\/wp-json\/wp\/v2\/comments?post=2046"}],"version-history":[{"count":0,"href":"https:\/\/www.museummurten.ch\/fr\/wp-json\/wp\/v2\/posts\/2046\/revisions"}],"wp:featuredmedia":[{"embeddable":true,"href":"https:\/\/www.museummurten.ch\/fr\/wp-json\/wp\/v2\/media\/2325"}],"wp:attachment":[{"href":"https:\/\/www.museummurten.ch\/fr\/wp-json\/wp\/v2\/media?parent=2046"}],"wp:term":[{"taxonomy":"category","embeddable":true,"href":"https:\/\/www.museummurten.ch\/fr\/wp-json\/wp\/v2\/categories?post=2046"},{"taxonomy":"post_tag","embeddable":true,"href":"https:\/\/www.museummurten.ch\/fr\/wp-json\/wp\/v2\/tags?post=2046"}],"curies":[{"name":"wp","href":"https:\/\/api.w.org\/{rel}","templated":true}]}}