{"id":2049,"date":"2010-06-10T23:19:36","date_gmt":"2010-06-10T22:19:36","guid":{"rendered":"http:\/\/www.museummurten\/2010\/06\/raymond-meuwly-13-juin-1er-aout-2010\/"},"modified":"2016-06-19T13:44:12","modified_gmt":"2016-06-19T12:44:12","slug":"raymond-meuwly-13-juin-1er-aout-2010","status":"publish","type":"post","link":"https:\/\/www.museummurten.ch\/fr\/2010\/06\/raymond-meuwly-13-juin-1er-aout-2010\/","title":{"rendered":"13 juin &#8211; 1er ao\u00fbt 2010 | Raymond Meuwly"},"content":{"rendered":"<p>Originaire de St-Antoni, Raymond Meuwly na\u00eet \u00e0 Lausanne le 23 mars 1920. Durant son enfance, Meuwly a toujours dessin\u00e9. A l\u2019\u00e2ge de 12 ans, \u00e0 la No\u00ebl 1932, il re\u00e7oit sa premi\u00e8re bo\u00eete de peinture qui contient 5 godets de gouache. En 1943, il \u00e9pouse Emma Salzmann. Le couple s\u2019installe en 1944 dans la maison que le p\u00e8re d\u2019Emma a fait construire \u00a0\u00e0 l\u2019entr\u00e9e ouest de Morat et qui comprend la laiterie familiale. En 1946, il se lie d\u2019amiti\u00e9 avec le peintre Fernand Giauque (1895-1973), qui habite le village voisin de Montilier, dont l\u2019influence se fera sentir dans son \u0153uvre abstraite. En 1957, il apprend que la commune de Misery est sur le point de faire raser, par l\u2018arm\u00e9e, son manoir qui menace de tomber en ruines. Il acquiert ce manoir d\u00e9labr\u00e9 lors d\u2019une mis aux ench\u00e8res, le sauvant in extremis de la d\u00e9molition. En 1958, il re\u00e7oit la Bourse f\u00e9d\u00e9rale des beaux-arts. En 1965, un infarctus, suivi d&rsquo;une h\u00e9morragie c\u00e9r\u00e9brale, l&rsquo;oblige \u00e0 modifier sa fa\u00e7on de travailler. Il renonce aux supports de bois, trop lourds, et reprend la toile qu&rsquo;il couvre de motifs macabres. Pour des raisons de sant\u00e9, il s\u2019\u00e9tablit en 1971 avec son \u00e9pouse \u00e0 Ascona o\u00f9 il loue une petite maison au bord du lac. Il retourne d\u00e9finitivement en 1978 au manoir de Misery o\u00f9 il avait gard\u00e9, durant son absence, un petit appartement \u00e0 son usage personnel.Raymond Meuwly d\u00e9c\u00e8de le 21 mai 1981 \u00e0 Fribourg et est incin\u00e9r\u00e9 dans l\u2019intimit\u00e9.<\/p>\n","protected":false},"excerpt":{"rendered":"<p>Originaire de St-Antoni, Raymond Meuwly na\u00eet \u00e0 Lausanne le 23 mars 1920. Durant son enfance, Meuwly a toujours dessin\u00e9. A l\u2019\u00e2ge de 12 ans, \u00e0 la No\u00ebl 1932, il re\u00e7oit sa premi\u00e8re bo\u00eete de peinture qui contient 5 godets de gouache. En 1943, il \u00e9pouse Emma Salzmann. Le couple s\u2019installe en 1944 dans la maison [&hellip;]<\/p>\n","protected":false},"author":2,"featured_media":2322,"comment_status":"closed","ping_status":"open","sticky":false,"template":"","format":"standard","meta":{"footnotes":""},"categories":[24],"tags":[],"class_list":["post-2049","post","type-post","status-publish","format-standard","has-post-thumbnail","hentry","category-temporaire-2"],"_links":{"self":[{"href":"https:\/\/www.museummurten.ch\/fr\/wp-json\/wp\/v2\/posts\/2049","targetHints":{"allow":["GET"]}}],"collection":[{"href":"https:\/\/www.museummurten.ch\/fr\/wp-json\/wp\/v2\/posts"}],"about":[{"href":"https:\/\/www.museummurten.ch\/fr\/wp-json\/wp\/v2\/types\/post"}],"author":[{"embeddable":true,"href":"https:\/\/www.museummurten.ch\/fr\/wp-json\/wp\/v2\/users\/2"}],"replies":[{"embeddable":true,"href":"https:\/\/www.museummurten.ch\/fr\/wp-json\/wp\/v2\/comments?post=2049"}],"version-history":[{"count":0,"href":"https:\/\/www.museummurten.ch\/fr\/wp-json\/wp\/v2\/posts\/2049\/revisions"}],"wp:featuredmedia":[{"embeddable":true,"href":"https:\/\/www.museummurten.ch\/fr\/wp-json\/wp\/v2\/media\/2322"}],"wp:attachment":[{"href":"https:\/\/www.museummurten.ch\/fr\/wp-json\/wp\/v2\/media?parent=2049"}],"wp:term":[{"taxonomy":"category","embeddable":true,"href":"https:\/\/www.museummurten.ch\/fr\/wp-json\/wp\/v2\/categories?post=2049"},{"taxonomy":"post_tag","embeddable":true,"href":"https:\/\/www.museummurten.ch\/fr\/wp-json\/wp\/v2\/tags?post=2049"}],"curies":[{"name":"wp","href":"https:\/\/api.w.org\/{rel}","templated":true}]}}