{"id":2052,"date":"2010-09-10T23:12:11","date_gmt":"2010-09-10T22:12:11","guid":{"rendered":"http:\/\/www.museummurten\/2010\/09\/alienatour-le-retour-est-un-projet-de-lassociation-charlatan-5-septembre-31-octobre-2010\/"},"modified":"2016-06-19T13:43:29","modified_gmt":"2016-06-19T12:43:29","slug":"alienatour-le-retour-est-un-projet-de-lassociation-charlatan-5-septembre-31-octobre-2010","status":"publish","type":"post","link":"https:\/\/www.museummurten.ch\/fr\/2010\/09\/alienatour-le-retour-est-un-projet-de-lassociation-charlatan-5-septembre-31-octobre-2010\/","title":{"rendered":"5 septembre &#8211; 31 octobre 2010 | \u00ab\u00a0ALIENATOUR : LE RETOUR est un projet de l&rsquo;association CHARLATAN\u00a0\u00bb"},"content":{"rendered":"<p>ALIEN ATOR : le Retour est un projet de l\u2019association <em>charlatan <\/em>avec : Al Comet \/ St\u00e9phanie Baechler \/ Jean-Daniel Berclaz \/ Jean-Luc Cramatte \/ Diana Dodson \/ Jean-Damien Fleury \/ Christiane Hamacher &amp; Primula Bosshard en collaboration avec Kobi \/ Samuel Herzog \/ Kiripi Katembo \/ Isabelle Krieg \/ Reto Leibundgut \/ Schangli &amp; Annet \/ Nika Spalinger \/ Marcelle St\u00e4helin \/ Olivier Suter \/ Javier T\u00e9llez \/ Fabian Marti \/ Mega Mingiedi \/ Alain Polo \u00a0 <em>charlatan <\/em>est un groupe de recherche qui cr\u00e9e, s\u00e9lectionne, suscite et produit des projets dans le domaine des arts visuels contemporains. L\u2019association domicili\u00e9e \u00e0 Fribourg favorise le dialogue entre les disciplines artistiques et d\u2019autres activit\u00e9s humaines, ainsi qu\u2019entre les cultures. Un int\u00e9r\u00eat soutenu pour la vie fribourgeoise d\u2019hier et d\u2019aujourd\u2019hui ainsi que pour les nombreux liens \u00e9tablis avec l\u2019Afrique au long des d\u00e9cennies a engendr\u00e9 le projet ALIEN ATOR . L\u2019objectif : renouveler les regards sur les notions de partage culturel et d\u2019identit\u00e9 et en d\u00e9crypter les m\u00e9canismes. Apr\u00e8s avoir tourn\u00e9 \u00e0 Fribourg et \u00e0 Berne en 2009 (ALIE NATOR ON TOUR ), le projet revient cet automne en Suisse dans une version sp\u00e9cialement d\u00e9velopp\u00e9e pour Morat (ALIEN ATOR : LE RETOUR ) alors que des adaptations de l\u2018exposition d\u2018origine font escale \u00e0 Kinshasa et \u00e0 Lom\u00e9.<\/p>\n","protected":false},"excerpt":{"rendered":"<p>ALIEN ATOR : le Retour est un projet de l\u2019association charlatan avec : Al Comet \/ St\u00e9phanie Baechler \/ Jean-Daniel Berclaz \/ Jean-Luc Cramatte \/ Diana Dodson \/ Jean-Damien Fleury \/ Christiane Hamacher &amp; Primula Bosshard en collaboration avec Kobi \/ Samuel Herzog \/ Kiripi Katembo \/ Isabelle Krieg \/ Reto Leibundgut \/ Schangli &amp; [&hellip;]<\/p>\n","protected":false},"author":2,"featured_media":2614,"comment_status":"closed","ping_status":"open","sticky":false,"template":"","format":"standard","meta":{"footnotes":""},"categories":[24],"tags":[],"class_list":["post-2052","post","type-post","status-publish","format-standard","has-post-thumbnail","hentry","category-temporaire-2"],"_links":{"self":[{"href":"https:\/\/www.museummurten.ch\/fr\/wp-json\/wp\/v2\/posts\/2052","targetHints":{"allow":["GET"]}}],"collection":[{"href":"https:\/\/www.museummurten.ch\/fr\/wp-json\/wp\/v2\/posts"}],"about":[{"href":"https:\/\/www.museummurten.ch\/fr\/wp-json\/wp\/v2\/types\/post"}],"author":[{"embeddable":true,"href":"https:\/\/www.museummurten.ch\/fr\/wp-json\/wp\/v2\/users\/2"}],"replies":[{"embeddable":true,"href":"https:\/\/www.museummurten.ch\/fr\/wp-json\/wp\/v2\/comments?post=2052"}],"version-history":[{"count":0,"href":"https:\/\/www.museummurten.ch\/fr\/wp-json\/wp\/v2\/posts\/2052\/revisions"}],"wp:featuredmedia":[{"embeddable":true,"href":"https:\/\/www.museummurten.ch\/fr\/wp-json\/wp\/v2\/media\/2614"}],"wp:attachment":[{"href":"https:\/\/www.museummurten.ch\/fr\/wp-json\/wp\/v2\/media?parent=2052"}],"wp:term":[{"taxonomy":"category","embeddable":true,"href":"https:\/\/www.museummurten.ch\/fr\/wp-json\/wp\/v2\/categories?post=2052"},{"taxonomy":"post_tag","embeddable":true,"href":"https:\/\/www.museummurten.ch\/fr\/wp-json\/wp\/v2\/tags?post=2052"}],"curies":[{"name":"wp","href":"https:\/\/api.w.org\/{rel}","templated":true}]}}