{"id":2055,"date":"2011-03-27T15:32:30","date_gmt":"2011-03-27T14:32:30","guid":{"rendered":"http:\/\/www.museummurten\/2011\/03\/emile-angeloz-27-mars-3-juillet-2011\/"},"modified":"2016-06-19T13:41:57","modified_gmt":"2016-06-19T12:41:57","slug":"emile-angeloz-27-mars-3-juillet-2011","status":"publish","type":"post","link":"https:\/\/www.museummurten.ch\/fr\/2011\/03\/emile-angeloz-27-mars-3-juillet-2011\/","title":{"rendered":"27 mars &#8211; 3 juillet 2011 | \u00c9mile Ang\u00e9loz"},"content":{"rendered":"<p>Emile Ang\u00e9loz est n\u00e9 le 3 octobre 1924 \u00e0 Fribourg. A 16 ans, il d\u00e9bute sa formation dans l\u2019atelier de lithographie de Charles Robert et chez le verrier Kirsch. Il suit \u00e9galement des cours au Technicum, puis fait un apprentissage chez les marbriers Prince et Lambert. Apr\u00e8s une formation de sculpteur au Technicum de Fribourg, Emile Ang\u00e9loz s\u00e9journe en France, en Espagne et en Italie o\u00f9 il s\u2019initie \u00e0 la taille des marbres. En 1957, il est membre fondateur du Groupe Mouvement. De 1958 \u00e0 1991, l\u2019artiste est membre de la section fribourgeoise de la SPSAS (Soci\u00e9t\u00e9 des Peintres, Sculpteurs et Architectes Suisses). En 1958 et 1964, il re\u00e7oit la Bourse f\u00e9d\u00e9rale des beaux-arts, suivie, en 1960, du Prix d\u2019encouragement de la Commission f\u00e9d\u00e9rale des beaux-arts. Ses premi\u00e8res sculptures sont figuratives, mais bient\u00f4t il se dirige vers l\u2019abstraction. Avec son fr\u00e8re Louis Ang\u00e9loz, il r\u00e9alise plusieurs am\u00e9nagements religieux. Le Mus\u00e9e d\u2019art et d\u2019histoire Fribourg organisa en 1986 une importante r\u00e9trospective de son \u0153uvre. Emile Ang\u00e9loz vit et travaille \u00e0 Corminboeuf (FR).<\/p>\n","protected":false},"excerpt":{"rendered":"<p>Emile Ang\u00e9loz est n\u00e9 le 3 octobre 1924 \u00e0 Fribourg. A 16 ans, il d\u00e9bute sa formation dans l\u2019atelier de lithographie de Charles Robert et chez le verrier Kirsch. Il suit \u00e9galement des cours au Technicum, puis fait un apprentissage chez les marbriers Prince et Lambert. Apr\u00e8s une formation de sculpteur au Technicum de Fribourg, [&hellip;]<\/p>\n","protected":false},"author":2,"featured_media":2606,"comment_status":"closed","ping_status":"open","sticky":false,"template":"","format":"standard","meta":{"footnotes":""},"categories":[24],"tags":[],"class_list":["post-2055","post","type-post","status-publish","format-standard","has-post-thumbnail","hentry","category-temporaire-2"],"_links":{"self":[{"href":"https:\/\/www.museummurten.ch\/fr\/wp-json\/wp\/v2\/posts\/2055","targetHints":{"allow":["GET"]}}],"collection":[{"href":"https:\/\/www.museummurten.ch\/fr\/wp-json\/wp\/v2\/posts"}],"about":[{"href":"https:\/\/www.museummurten.ch\/fr\/wp-json\/wp\/v2\/types\/post"}],"author":[{"embeddable":true,"href":"https:\/\/www.museummurten.ch\/fr\/wp-json\/wp\/v2\/users\/2"}],"replies":[{"embeddable":true,"href":"https:\/\/www.museummurten.ch\/fr\/wp-json\/wp\/v2\/comments?post=2055"}],"version-history":[{"count":0,"href":"https:\/\/www.museummurten.ch\/fr\/wp-json\/wp\/v2\/posts\/2055\/revisions"}],"wp:featuredmedia":[{"embeddable":true,"href":"https:\/\/www.museummurten.ch\/fr\/wp-json\/wp\/v2\/media\/2606"}],"wp:attachment":[{"href":"https:\/\/www.museummurten.ch\/fr\/wp-json\/wp\/v2\/media?parent=2055"}],"wp:term":[{"taxonomy":"category","embeddable":true,"href":"https:\/\/www.museummurten.ch\/fr\/wp-json\/wp\/v2\/categories?post=2055"},{"taxonomy":"post_tag","embeddable":true,"href":"https:\/\/www.museummurten.ch\/fr\/wp-json\/wp\/v2\/tags?post=2055"}],"curies":[{"name":"wp","href":"https:\/\/api.w.org\/{rel}","templated":true}]}}