{"id":2064,"date":"2012-03-23T08:42:54","date_gmt":"2012-03-23T07:42:54","guid":{"rendered":"http:\/\/www.museummurten\/2012\/03\/hans-wildanger-1888-1968-24-mars-17-juin-2012\/"},"modified":"2016-06-19T13:39:44","modified_gmt":"2016-06-19T12:39:44","slug":"hans-wildanger-1888-1968-24-mars-17-juin-2012","status":"publish","type":"post","link":"https:\/\/www.museummurten.ch\/fr\/2012\/03\/hans-wildanger-1888-1968-24-mars-17-juin-2012\/","title":{"rendered":"24 mars &#8211; 17 juin 2012 | Hans Wildanger (1888-1968)"},"content":{"rendered":"<p style=\"text-align: justify;\"><strong>Hans Wildanger 1888-1968<\/strong><\/p>\n<p style=\"text-align: justify;\">Une ville et son lac. Photographies de Morat et de ses environs (1916-1965).<\/p>\n<p style=\"text-align: justify;\">Hans Wildanger est n\u00e9 le 29 mars 1888 \u00e0 Zurich. Durant sa jeunesse, il se lie d\u2019amiti\u00e9 avec Reinhold K\u00fcndig (1888-1984) et Paul Bodmer (1886-1983), avec lesquels il fait des excursions de dessin. Une fois sa scolarit\u00e9 obligatoire termin\u00e9e, Hans Wildanger fait un apprentissage de m\u00e9canicien de pr\u00e9cision puis suit une formation pour devenir \u00e9lectrotechnicien. Durant la Premi\u00e8re Guerre Mondiale, Hans Wildanger, alors \u00e2g\u00e9 de 28 ans et engag\u00e9 comme t\u00e9l\u00e9graphiste dans l\u2019arm\u00e9e, vient \u00e0 Morat et fait la connaissance de Emma Haas. Celle-ci tient un magasin d\u2019articles de p\u00eache et de tabac situ\u00e9 dans la Rue Principale. Finalement, les deux se marient en novembre 1916. Hans Wildanger devient le coll\u00e8gue de travail de son \u00e9pouse et fait alors de la photographie, son m\u00e9tier. Il am\u00e9nage dans le magasin de son \u00e9pouse un coin destin\u00e9 \u00e0 cette activit\u00e9. Il vend des appareils et du mat\u00e9riel photographiques, d\u00e9veloppe des films et fait des agrandissements. Il re\u00e7oit divers mandats allant de clich\u00e9s d\u2019objets, de monuments architecturaux, d\u2019int\u00e9rieurs, de lieux ou encore de paysages.<\/p>\n<p style=\"text-align: justify;\">Hans Wildanger se lie d\u2019amiti\u00e9 avec Fritz Willenegger, avocat et pour une certaine p\u00e9riode \u00e9galement syndic de la ville, et encore avec Ernst Fl\u00fcckiger, enseignant \u00e0 l\u2019\u00e9cole secondaire, avec lequel il va faire un long voyage en Italie durant les ann\u00e9es 30. Durant cette m\u00eame p\u00e9riode, il va publier plusieurs travaux qui ont Morat pour th\u00e8me.<\/p>\n<p style=\"text-align: justify;\">Au mois de mars 1946, Emma, l\u2019\u00e9pouse de Hans Wildanger, meurt. Peu apr\u00e8s, il fait la connaissance de Hedy Burla qui travaille en tant que vendeuse dans la papeterie voisine de son atelier. Ils se marient au mois d\u2019ao\u00fbt de l\u2019ann\u00e9e suivante. En 1948, de ce mariage, na\u00eet une fille, Elisabeth, avec laquelle Hans va passer beaucoup de temps. Les ann\u00e9es passent. Le travail en laboratoire devient de plus en plus dur. Hans Wildanger transmet des mandats \u00e0 Carl Jost qui est \u00e9tabli \u00e0 Berne. Il abandonne lentement aussi les commandes de clients mais continue \u00e0 photographier \u00e0 titre priv\u00e9.<\/p>\n<p style=\"text-align: justify;\">Hans Wildanger meurt en 1968. Son \u00e9pouse Hedy continue \u00e0 g\u00e9rer le magasin mais ferme l\u2019atelier de photographie. Finalement, elle c\u00e8de le magasin en 1989. Les archives sont alors r\u00e9cup\u00e9r\u00e9es par leur fille Elisabeth.<\/p>\n<p style=\"text-align: justify;\">L\u2019exposition propos\u00e9e par le mus\u00e9e de Morat pr\u00e9sente l\u2019\u0153uvre photographique de Hans Wildanger dans toute son \u00e9tendue. Elle comprend des clich\u00e9s illustrant l\u2019attachement du photographe \u00e0 Morat ainsi qu\u2019une large palette de mandats ou de travaux libres ex\u00e9cut\u00e9s lors de sa p\u00e9riode d\u2019activit\u00e9 de 1916 \u00e0 1965 environ.<\/p>\n","protected":false},"excerpt":{"rendered":"<p>Hans Wildanger 1888-1968 Une ville et son lac. Photographies de Morat et de ses environs (1916-1965). Hans Wildanger est n\u00e9 le 29 mars 1888 \u00e0 Zurich. Durant sa jeunesse, il se lie d\u2019amiti\u00e9 avec Reinhold K\u00fcndig (1888-1984) et Paul Bodmer (1886-1983), avec lesquels il fait des excursions de dessin. Une fois sa scolarit\u00e9 obligatoire termin\u00e9e, [&hellip;]<\/p>\n","protected":false},"author":2,"featured_media":2312,"comment_status":"closed","ping_status":"open","sticky":false,"template":"","format":"standard","meta":{"footnotes":""},"categories":[24],"tags":[],"class_list":["post-2064","post","type-post","status-publish","format-standard","has-post-thumbnail","hentry","category-temporaire-2"],"_links":{"self":[{"href":"https:\/\/www.museummurten.ch\/fr\/wp-json\/wp\/v2\/posts\/2064","targetHints":{"allow":["GET"]}}],"collection":[{"href":"https:\/\/www.museummurten.ch\/fr\/wp-json\/wp\/v2\/posts"}],"about":[{"href":"https:\/\/www.museummurten.ch\/fr\/wp-json\/wp\/v2\/types\/post"}],"author":[{"embeddable":true,"href":"https:\/\/www.museummurten.ch\/fr\/wp-json\/wp\/v2\/users\/2"}],"replies":[{"embeddable":true,"href":"https:\/\/www.museummurten.ch\/fr\/wp-json\/wp\/v2\/comments?post=2064"}],"version-history":[{"count":0,"href":"https:\/\/www.museummurten.ch\/fr\/wp-json\/wp\/v2\/posts\/2064\/revisions"}],"wp:featuredmedia":[{"embeddable":true,"href":"https:\/\/www.museummurten.ch\/fr\/wp-json\/wp\/v2\/media\/2312"}],"wp:attachment":[{"href":"https:\/\/www.museummurten.ch\/fr\/wp-json\/wp\/v2\/media?parent=2064"}],"wp:term":[{"taxonomy":"category","embeddable":true,"href":"https:\/\/www.museummurten.ch\/fr\/wp-json\/wp\/v2\/categories?post=2064"},{"taxonomy":"post_tag","embeddable":true,"href":"https:\/\/www.museummurten.ch\/fr\/wp-json\/wp\/v2\/tags?post=2064"}],"curies":[{"name":"wp","href":"https:\/\/api.w.org\/{rel}","templated":true}]}}