{"id":2081,"date":"2012-04-06T09:42:56","date_gmt":"2012-04-06T08:42:56","guid":{"rendered":"http:\/\/www.museummurten\/2012\/04\/conferences-et-lectures-2\/"},"modified":"2026-02-22T16:09:32","modified_gmt":"2026-02-22T15:09:32","slug":"conferences-et-lectures-2","status":"publish","type":"post","link":"https:\/\/www.museummurten.ch\/fr\/2012\/04\/conferences-et-lectures-2\/","title":{"rendered":"Conf\u00e9rences et lectures"},"content":{"rendered":"<p><em>Caf\u00e9s scientifiques et conf\u00e9rences<\/em><\/p>\n<p>31.5.2026, 10h30-11h30 : M\u00e9moire en vitrine, savoir en classe : penser la bataille de Morat aujourd\u2019hui, en fran\u00e7ais. Mod\u00e9ration : Denis Decrausaz. Intervenants : Telmo Berner Bastos, Lo\u00efc Chollet, Alain-Jacques Tornare.<\/p>\n<p>9.6.2026, d\u00e8s 19h30 : Murten 1476-2026, Altvertrautes, neu gesehen, auf Deutsch, Claudius Sieber-Lehmann.<\/p>\n<p>29.9.2026, 18h30-19h30 : Podiumsgespr\u00e4ch \u00fcber lebendige Traditionen als Ankn\u00fcpfung an den Murtenlauf, auf Deutsch.<\/p>\n","protected":false},"excerpt":{"rendered":"<p>Caf\u00e9s scientifiques et conf\u00e9rences 31.5.2026, 10h30-11h30 : M\u00e9moire en vitrine, savoir en classe : penser la bataille de Morat aujourd\u2019hui, en fran\u00e7ais. Mod\u00e9ration : Denis Decrausaz. Intervenants : Telmo Berner Bastos, Lo\u00efc Chollet, Alain-Jacques Tornare. 9.6.2026, d\u00e8s 19h30 : Murten 1476-2026, Altvertrautes, neu gesehen, auf Deutsch, Claudius Sieber-Lehmann. 29.9.2026, 18h30-19h30 : Podiumsgespr\u00e4ch \u00fcber lebendige Traditionen [&hellip;]<\/p>\n","protected":false},"author":2,"featured_media":6902,"comment_status":"closed","ping_status":"closed","sticky":false,"template":"","format":"standard","meta":{"footnotes":""},"categories":[28],"tags":[],"class_list":["post-2081","post","type-post","status-publish","format-standard","has-post-thumbnail","hentry","category-conferences-lectures"],"_links":{"self":[{"href":"https:\/\/www.museummurten.ch\/fr\/wp-json\/wp\/v2\/posts\/2081","targetHints":{"allow":["GET"]}}],"collection":[{"href":"https:\/\/www.museummurten.ch\/fr\/wp-json\/wp\/v2\/posts"}],"about":[{"href":"https:\/\/www.museummurten.ch\/fr\/wp-json\/wp\/v2\/types\/post"}],"author":[{"embeddable":true,"href":"https:\/\/www.museummurten.ch\/fr\/wp-json\/wp\/v2\/users\/2"}],"replies":[{"embeddable":true,"href":"https:\/\/www.museummurten.ch\/fr\/wp-json\/wp\/v2\/comments?post=2081"}],"version-history":[{"count":59,"href":"https:\/\/www.museummurten.ch\/fr\/wp-json\/wp\/v2\/posts\/2081\/revisions"}],"predecessor-version":[{"id":9859,"href":"https:\/\/www.museummurten.ch\/fr\/wp-json\/wp\/v2\/posts\/2081\/revisions\/9859"}],"wp:featuredmedia":[{"embeddable":true,"href":"https:\/\/www.museummurten.ch\/fr\/wp-json\/wp\/v2\/media\/6902"}],"wp:attachment":[{"href":"https:\/\/www.museummurten.ch\/fr\/wp-json\/wp\/v2\/media?parent=2081"}],"wp:term":[{"taxonomy":"category","embeddable":true,"href":"https:\/\/www.museummurten.ch\/fr\/wp-json\/wp\/v2\/categories?post=2081"},{"taxonomy":"post_tag","embeddable":true,"href":"https:\/\/www.museummurten.ch\/fr\/wp-json\/wp\/v2\/tags?post=2081"}],"curies":[{"name":"wp","href":"https:\/\/api.w.org\/{rel}","templated":true}]}}