{"id":2084,"date":"2012-06-19T22:55:43","date_gmt":"2012-06-19T21:55:43","guid":{"rendered":"http:\/\/www.museummurten\/2012\/06\/hans-schoepfer-24-juin-2-septembre-2012\/"},"modified":"2016-06-19T13:38:48","modified_gmt":"2016-06-19T12:38:48","slug":"hans-schoepfer-24-juin-2-septembre-2012","status":"publish","type":"post","link":"https:\/\/www.museummurten.ch\/fr\/2012\/06\/hans-schoepfer-24-juin-2-septembre-2012\/","title":{"rendered":"24 juin &#8211; 2 septembre 2012 | Hans Sch\u00f6pfer"},"content":{"rendered":"<p>Hans Sch\u00f6pfer est n\u00e9 en 1940 \u00e0 Sch\u00fcpfheim dans le canton de Lucerne. Il a effectu\u00e9 des \u00e9tudes universitaires \u00e0 Paris, Lucerne, Rome, B\u00e2le, Munich et Mexico. Il a enseign\u00e9 et a \u00e9t\u00e9 responsable de recherche \u00e0 l\u2019Universit\u00e9 de Fribourg dans le domaine de la politique de d\u00e9veloppement et de la th\u00e9ologie interdisciplinaire. Il est l\u2019auteur de plus de 30 publications qui touchent diff\u00e9rents domaines (science, essai, litt\u00e9rature g\u00e9n\u00e9rale). Il est \u00e9galement l\u2019auteur et le r\u00e9alisateur de documentaires ayant pour sujet des probl\u00e8mes de soci\u00e9t\u00e9 qui concernent l\u2019Am\u00e9rique latine. Pendant plusieurs ann\u00e9es, Hans Sch\u00f6pfer a travaill\u00e9 comme expert dans des institutions de coop\u00e9ration internationale, en Europe et en Am\u00e9rique latine. Il a aussi eu une activit\u00e9 de journaliste radio\/t\u00e9l\u00e9, en fran\u00e7ais et allemand, en Am\u00e9rique latine.<\/p>\n<p>Depuis 1994, son activit\u00e9 s\u2019est principalement tourn\u00e9e vers la sculpture et l\u2019\u00e9criture. Dans le domaine litt\u00e9raire, il s\u2019est concentr\u00e9 sur des textes courts\u00a0: petites histoires la plupart du temps non publi\u00e9es, r\u00e9cits humoristiques, satires, contes, fables, \u00e9bauches de sc\u00e9narios, gloses, textes \u00e0 caract\u00e8re lyrique, slams, br\u00e8ves r\u00e9flexions et nombreux aphorismes (plus de 12000). Son activit\u00e9 artistique comprend quant \u00e0 elle plus de 3200 pi\u00e8ces.<\/p>\n<p>Hans Sch\u00f6pfer a obtenu diff\u00e9rentes bourses de recherche et a remport\u00e9 des prix pour ses travaux litt\u00e9raires, artistiques et photographiques, en Suisse et \u00e0 l\u2019\u00e9tranger.<\/p>\n","protected":false},"excerpt":{"rendered":"<p>Hans Sch\u00f6pfer est n\u00e9 en 1940 \u00e0 Sch\u00fcpfheim dans le canton de Lucerne. Il a effectu\u00e9 des \u00e9tudes universitaires \u00e0 Paris, Lucerne, Rome, B\u00e2le, Munich et Mexico. Il a enseign\u00e9 et a \u00e9t\u00e9 responsable de recherche \u00e0 l\u2019Universit\u00e9 de Fribourg dans le domaine de la politique de d\u00e9veloppement et de la th\u00e9ologie interdisciplinaire. Il est [&hellip;]<\/p>\n","protected":false},"author":2,"featured_media":2309,"comment_status":"closed","ping_status":"open","sticky":false,"template":"","format":"standard","meta":{"footnotes":""},"categories":[24],"tags":[],"class_list":["post-2084","post","type-post","status-publish","format-standard","has-post-thumbnail","hentry","category-temporaire-2"],"_links":{"self":[{"href":"https:\/\/www.museummurten.ch\/fr\/wp-json\/wp\/v2\/posts\/2084","targetHints":{"allow":["GET"]}}],"collection":[{"href":"https:\/\/www.museummurten.ch\/fr\/wp-json\/wp\/v2\/posts"}],"about":[{"href":"https:\/\/www.museummurten.ch\/fr\/wp-json\/wp\/v2\/types\/post"}],"author":[{"embeddable":true,"href":"https:\/\/www.museummurten.ch\/fr\/wp-json\/wp\/v2\/users\/2"}],"replies":[{"embeddable":true,"href":"https:\/\/www.museummurten.ch\/fr\/wp-json\/wp\/v2\/comments?post=2084"}],"version-history":[{"count":0,"href":"https:\/\/www.museummurten.ch\/fr\/wp-json\/wp\/v2\/posts\/2084\/revisions"}],"wp:featuredmedia":[{"embeddable":true,"href":"https:\/\/www.museummurten.ch\/fr\/wp-json\/wp\/v2\/media\/2309"}],"wp:attachment":[{"href":"https:\/\/www.museummurten.ch\/fr\/wp-json\/wp\/v2\/media?parent=2084"}],"wp:term":[{"taxonomy":"category","embeddable":true,"href":"https:\/\/www.museummurten.ch\/fr\/wp-json\/wp\/v2\/categories?post=2084"},{"taxonomy":"post_tag","embeddable":true,"href":"https:\/\/www.museummurten.ch\/fr\/wp-json\/wp\/v2\/tags?post=2084"}],"curies":[{"name":"wp","href":"https:\/\/api.w.org\/{rel}","templated":true}]}}