{"id":2093,"date":"2013-03-05T13:13:41","date_gmt":"2013-03-05T12:13:41","guid":{"rendered":"http:\/\/www.museummurten\/2013\/03\/les-rives-du-lac-de-morat-hier-et-aujourdhui-24-mars-31-mai-2013-vernissage-samedi-23-mars-a-18-heures\/"},"modified":"2016-06-19T13:36:20","modified_gmt":"2016-06-19T12:36:20","slug":"les-rives-du-lac-de-morat-hier-et-aujourdhui-24-mars-31-mai-2013-vernissage-samedi-23-mars-a-18-heures","status":"publish","type":"post","link":"https:\/\/www.museummurten.ch\/fr\/2013\/03\/les-rives-du-lac-de-morat-hier-et-aujourdhui-24-mars-31-mai-2013-vernissage-samedi-23-mars-a-18-heures\/","title":{"rendered":"24 mars &#8211; 31 mai 2013 | \u00ab\u00a0Les rives du lac de Morat : hier et aujourd&rsquo;hui\u00a0\u00bb"},"content":{"rendered":"<p><strong>Alfred Rehfous (1860-1912)<\/strong><\/p>\n<p>N\u00e9 \u00e0 Gen\u00e8ve en 1860, Alfred Rehfous fait ses \u00e9tudes \u00e0 l\u2019Ecole des Beaux-Arts de Gen\u00e8ve o\u00f9 il suit les cours de Barth\u00e9lemy Menn, un des grands ma\u00eetres de la peinture de paysage en Suisse. Entre 1880 et 1889 il poursuit sa formation \u00e0 Paris aupr\u00e8s d\u2019Alexandre Cabanel et de Jean-Joseph Benjamin-Constant. Tr\u00e8s t\u00f4t, il se destine \u00e0 la peinture de paysage. Durant la derni\u00e8re d\u00e9cennie du 19\u00e8me si\u00e8cle, Alfred Rehfous r\u00e9alise de nombreux tableaux du canton de Gen\u00e8ve, du Pays de Vaud, du lac de Morat, du Valais et de la France voisine. Mais c\u2019est surtout le Valais qui l\u2019attire et il s\u2019y rend \u00e0 de fr\u00e9quentes occasions. Il rencontre ses coll\u00e8gues peintres \u00e0 Savi\u00e8se et fera partie des importants groupements d\u2019artistes connus aujourd\u2019hui sous les noms d\u2019Ecole genevoise de peinture et d\u2019Ecole de Savi\u00e8se.<\/p>\n<p>Entre 1884 et 1911, Alfred Rehfous accrochera ses \u0153uvres dans plus de septante expositions, pour la plupart collectives, notamment en Suisse mais \u00e9galement en France, en Allemagne et en Italie.<\/p>\n<p>&nbsp;<\/p>\n<p><strong>Bernard Bailly<\/strong><\/p>\n<p>N\u00e9 en 1949 \u00e0 Gen\u00e8ve, Bernard Bailly est dipl\u00f4m\u00e9 de l\u2019Ecole des Beaux-Arts de Gen\u00e8ve (1974), membre de la Guilde suisse des peintres de la montagne (2011) ainsi que membre de VISARTE (2012). Parall\u00e8lement \u00e0 son activit\u00e9 artistique, il enseigne les arts plastiques au Coll\u00e8ge Saint-Michel \u00e0 Fribourg.<\/p>\n<p>En 2008, d\u00e9laissant l\u2019agitation de la ville, il entreprend une production de toiles grands formats ayant pour sujet les lieux les plus pittoresques de Suisse.<\/p>\n<p>Par son origine, sa formation et sa pratique de la peinture de paysage, Bernard Bailly revendique une partie de l\u2019h\u00e9ritage de la c\u00e9l\u00e8bre Ecole genevoise des peintres de paysage.<\/p>\n<p>Les travaux d\u2019Alfred Rehfous d\u00e9couverts lors de l\u2019exposition de Savi\u00e8se en 2012 vont inspirer Bernard et Janet Bailly \u00e0 suivre ses pas sur les rives du Lac de Morat.<\/p>\n<p><a href=\"http:\/\/www.bernardbailly.ch\">www.bernardbailly.ch<\/a><\/p>\n<p>&nbsp;<\/p>\n<p><strong>Janet Bailly<\/strong><\/p>\n<p>N\u00e9e en 1956 \u00e0 Scarborough dans le Yorkshire, Janet Bailly, comme beaucoup d\u2019Anglais, peignait des aquarelles durant son temps libre. C\u2019est la rencontre avec le peintre Bernard Bailly qui a encourag\u00e9 Janet \u00e0 un nouveau d\u00e9part, dans la vie comme dans son art. En plein air toujours, mais d\u00e9sormais avec un chevalet, une toile et de la peinture acrylique, Janet Bailly aime \u00e0 capturer l\u2019atmosph\u00e8re particuli\u00e8re d\u2019un paysage. Sous le soleil ou secou\u00e9e par le vent, s\u2019adaptant \u00e0 l\u2019\u00e9volution rapide des conditions de lumi\u00e8re ou suivant le mouvement incessant des nuages et des ombres, Janet Bailly tente de traduire dans ses \u0153uvres la magie des paysages qu\u2019elle rep\u00e8re.<\/p>\n<p>Sa passion l\u2019a men\u00e9e sur les rives du lac de Morat.<\/p>\n<p><a href=\"http:\/\/www.janetbailly.ch\">www.janetbailly.ch<\/a><\/p>\n<p>&nbsp;<\/p>\n<p>&nbsp;<\/p>\n<p>&nbsp;<\/p>\n","protected":false},"excerpt":{"rendered":"<p>Alfred Rehfous (1860-1912) N\u00e9 \u00e0 Gen\u00e8ve en 1860, Alfred Rehfous fait ses \u00e9tudes \u00e0 l\u2019Ecole des Beaux-Arts de Gen\u00e8ve o\u00f9 il suit les cours de Barth\u00e9lemy Menn, un des grands ma\u00eetres de la peinture de paysage en Suisse. Entre 1880 et 1889 il poursuit sa formation \u00e0 Paris aupr\u00e8s d\u2019Alexandre Cabanel et de Jean-Joseph Benjamin-Constant. [&hellip;]<\/p>\n","protected":false},"author":2,"featured_media":2304,"comment_status":"closed","ping_status":"open","sticky":false,"template":"","format":"standard","meta":{"footnotes":""},"categories":[24],"tags":[],"class_list":["post-2093","post","type-post","status-publish","format-standard","has-post-thumbnail","hentry","category-temporaire-2"],"_links":{"self":[{"href":"https:\/\/www.museummurten.ch\/fr\/wp-json\/wp\/v2\/posts\/2093","targetHints":{"allow":["GET"]}}],"collection":[{"href":"https:\/\/www.museummurten.ch\/fr\/wp-json\/wp\/v2\/posts"}],"about":[{"href":"https:\/\/www.museummurten.ch\/fr\/wp-json\/wp\/v2\/types\/post"}],"author":[{"embeddable":true,"href":"https:\/\/www.museummurten.ch\/fr\/wp-json\/wp\/v2\/users\/2"}],"replies":[{"embeddable":true,"href":"https:\/\/www.museummurten.ch\/fr\/wp-json\/wp\/v2\/comments?post=2093"}],"version-history":[{"count":0,"href":"https:\/\/www.museummurten.ch\/fr\/wp-json\/wp\/v2\/posts\/2093\/revisions"}],"wp:featuredmedia":[{"embeddable":true,"href":"https:\/\/www.museummurten.ch\/fr\/wp-json\/wp\/v2\/media\/2304"}],"wp:attachment":[{"href":"https:\/\/www.museummurten.ch\/fr\/wp-json\/wp\/v2\/media?parent=2093"}],"wp:term":[{"taxonomy":"category","embeddable":true,"href":"https:\/\/www.museummurten.ch\/fr\/wp-json\/wp\/v2\/categories?post=2093"},{"taxonomy":"post_tag","embeddable":true,"href":"https:\/\/www.museummurten.ch\/fr\/wp-json\/wp\/v2\/tags?post=2093"}],"curies":[{"name":"wp","href":"https:\/\/api.w.org\/{rel}","templated":true}]}}