{"id":2111,"date":"2014-10-08T08:55:17","date_gmt":"2014-10-08T07:55:17","guid":{"rendered":"http:\/\/www.museummurten\/2014\/10\/peter-barth-valeurs-12-octobre-7-decembre-2014-vernissage-samedi-11-octobre-a-18-heures\/"},"modified":"2016-06-19T13:30:15","modified_gmt":"2016-06-19T12:30:15","slug":"peter-barth-valeurs-12-octobre-7-decembre-2014-vernissage-samedi-11-octobre-a-18-heures","status":"publish","type":"post","link":"https:\/\/www.museummurten.ch\/fr\/2014\/10\/peter-barth-valeurs-12-octobre-7-decembre-2014-vernissage-samedi-11-octobre-a-18-heures\/","title":{"rendered":"12 octobre &#8211; 7 d\u00e9cembre 2014 | Peter Barth \u00ab\u00a0Valeurs\u00a0\u00bb"},"content":{"rendered":"<p>Peter Barth est n\u00e9 en 1960 \u00e0 Zurich et vit depuis l\u2019\u00e2ge de quatre ans \u00e0 Chi\u00e8tres. En 1983, il ouvre un atelier d\u2019art verrier. Avec le temps, il va \u00e9galement se tourner vers la peinture.<\/p>\n<p>Peter Barth a pu pr\u00e9senter ses \u0153uvres dans diff\u00e9rentes expositions individuelles ou collectives. De plus, depuis 1983, il ouvre r\u00e9guli\u00e8rement les portes de son atelier aux visiteurs. Certaines de ses \u0153uvres sont visibles dans des lieux publics.<\/p>\n<p>Pour cette exposition au mus\u00e9e de Morat, Peter Barth pr\u00e9sente plus de septante tableaux ainsi qu\u2019une dizaine de portes. Ses tableaux sont n\u00e9s de l\u2019inspiration puis\u00e9e lors de visites de mus\u00e9es effectu\u00e9es en Suisse ces douze derni\u00e8res ann\u00e9es. Les portes devaient \u00eatre, quant \u00e0 elles, une sorte de mise en sc\u00e8ne de th\u00e9matiques ch\u00e8res \u00e0 l\u2019artiste. Or, petit \u00e0 petit, elles se sont rattach\u00e9es au th\u00e8me de l\u2019exposition\u00a0: l\u2019humanit\u00e9 et les valeurs int\u00e9rieures de l\u2019Homme.<\/p>\n<p>Les \u0153uvres expos\u00e9es proposent un dialogue entre diff\u00e9rentes notions\u00a0:<\/p>\n<p>&nbsp;<\/p>\n<p align=\"center\">L\u2019Esprit &#8211; La Mati\u00e8re<\/p>\n<p align=\"center\">Le Moi &#8211; La Communaut\u00e9<\/p>\n<p align=\"center\">L\u2019Art &#8211; L\u2019Histoire<\/p>\n<p align=\"center\">\n","protected":false},"excerpt":{"rendered":"<p>Peter Barth est n\u00e9 en 1960 \u00e0 Zurich et vit depuis l\u2019\u00e2ge de quatre ans \u00e0 Chi\u00e8tres. En 1983, il ouvre un atelier d\u2019art verrier. Avec le temps, il va \u00e9galement se tourner vers la peinture. Peter Barth a pu pr\u00e9senter ses \u0153uvres dans diff\u00e9rentes expositions individuelles ou collectives. De plus, depuis 1983, il ouvre [&hellip;]<\/p>\n","protected":false},"author":2,"featured_media":2964,"comment_status":"closed","ping_status":"open","sticky":false,"template":"","format":"standard","meta":{"footnotes":""},"categories":[24],"tags":[],"class_list":["post-2111","post","type-post","status-publish","format-standard","has-post-thumbnail","hentry","category-temporaire-2"],"_links":{"self":[{"href":"https:\/\/www.museummurten.ch\/fr\/wp-json\/wp\/v2\/posts\/2111","targetHints":{"allow":["GET"]}}],"collection":[{"href":"https:\/\/www.museummurten.ch\/fr\/wp-json\/wp\/v2\/posts"}],"about":[{"href":"https:\/\/www.museummurten.ch\/fr\/wp-json\/wp\/v2\/types\/post"}],"author":[{"embeddable":true,"href":"https:\/\/www.museummurten.ch\/fr\/wp-json\/wp\/v2\/users\/2"}],"replies":[{"embeddable":true,"href":"https:\/\/www.museummurten.ch\/fr\/wp-json\/wp\/v2\/comments?post=2111"}],"version-history":[{"count":0,"href":"https:\/\/www.museummurten.ch\/fr\/wp-json\/wp\/v2\/posts\/2111\/revisions"}],"wp:featuredmedia":[{"embeddable":true,"href":"https:\/\/www.museummurten.ch\/fr\/wp-json\/wp\/v2\/media\/2964"}],"wp:attachment":[{"href":"https:\/\/www.museummurten.ch\/fr\/wp-json\/wp\/v2\/media?parent=2111"}],"wp:term":[{"taxonomy":"category","embeddable":true,"href":"https:\/\/www.museummurten.ch\/fr\/wp-json\/wp\/v2\/categories?post=2111"},{"taxonomy":"post_tag","embeddable":true,"href":"https:\/\/www.museummurten.ch\/fr\/wp-json\/wp\/v2\/tags?post=2111"}],"curies":[{"name":"wp","href":"https:\/\/api.w.org\/{rel}","templated":true}]}}