{"id":2114,"date":"2015-03-03T16:35:19","date_gmt":"2015-03-03T15:35:19","guid":{"rendered":"http:\/\/www.museummurten\/2015\/03\/franz-bruelhart-drowning-by-colors-22-mars-29-mai-2015-vernissage-samedi-21-mars-a-18-heures\/"},"modified":"2016-06-19T13:29:11","modified_gmt":"2016-06-19T12:29:11","slug":"franz-bruelhart-drowning-by-colors-22-mars-29-mai-2015-vernissage-samedi-21-mars-a-18-heures","status":"publish","type":"post","link":"https:\/\/www.museummurten.ch\/fr\/2015\/03\/franz-bruelhart-drowning-by-colors-22-mars-29-mai-2015-vernissage-samedi-21-mars-a-18-heures\/","title":{"rendered":"22 mars &#8211; 29 mai 2015 | Franz Br\u00fclhart \u00ab\u00a0Drowning by colors\u00a0\u00bb"},"content":{"rendered":"<p>Franz Br\u00fclhart est n\u00e9 \u00e0 Fribourg en 1960 et a pass\u00e9 son enfance \u00e0 Ueberstorf. Entre 1981 et 1984, il a \u00e9tudi\u00e9 l\u2019histoire de l\u2019art \u00e0 l\u2019Universit\u00e9 de Berne puis s\u2019est inscrit \u00e0 l\u2019\u00c9cole Sup\u00e9rieure d\u2019Art Visuel de Gen\u00e8ve. Par la suite, il a effectu\u00e9 plusieurs s\u00e9jours aux \u00c9tats-Unis et a v\u00e9cu durant quatre ans \u00e0 Berlin, entre 1994 et 1998, avant de revenir en Suisse. Il est \u00e9tabli actuellement \u00e0 Berne et son atelier se trouve \u00e0 Mariahilf, dans le canton de Fribourg. Franz Br\u00fclhart a effectu\u00e9 plus d\u2019une vingtaine d\u2019expositions individuelles en Suisse et \u00e0 l\u2019\u00e9tranger jusqu\u2019\u00e0 aujourd\u2019hui. Il a \u00e9galement particip\u00e9 \u00e0 de nombreuses expositions collectives.<\/p>\n<p>Les derni\u00e8res \u0153uvres de Franz Br\u00fclhart font souvent r\u00e9f\u00e9rence aux quatre \u00e9l\u00e9ments : air, terre, feu, eau. Ces \u00e9l\u00e9ments s\u2019expriment dans des formes explosives, parfois chaotiques. Dans ses tableaux, l\u2019artiste fait usage de diff\u00e9rentes techniques laissant appara\u00eetre un certain mim\u00e9tisme entre le fond et la forme. Les toiles de Franz Br\u00fclhart appellent et rejettent, embrassent et repoussent. Elles cr\u00e9ent une tension avec son spectateur.<\/p>\n<p>\u00c0 Morat, Franz Br\u00fclhart propose un dialogue puissant entre la force de l\u2019eau et l\u2019\u00e9clat des couleurs. L\u2019eau \u00e9l\u00e9mentaire, finie et infinie, symbole de vie mais parfois aussi de mort. L\u2019eau du d\u00e9luge, des guerres\u2026 l\u2019eau purificatrice\u2026 l\u2019eau, noy\u00e9e dans les couleurs\u2026 comme pour mieux respirer.<\/p>\n<p>Avec une installation sonore propos\u00e9e par Andr\u00e9 Rossier : Drop<em>In<\/em>Out<\/p>\n<p>&nbsp;<\/p>\n<p>&nbsp;<\/p>\n","protected":false},"excerpt":{"rendered":"<p>Franz Br\u00fclhart est n\u00e9 \u00e0 Fribourg en 1960 et a pass\u00e9 son enfance \u00e0 Ueberstorf. Entre 1981 et 1984, il a \u00e9tudi\u00e9 l\u2019histoire de l\u2019art \u00e0 l\u2019Universit\u00e9 de Berne puis s\u2019est inscrit \u00e0 l\u2019\u00c9cole Sup\u00e9rieure d\u2019Art Visuel de Gen\u00e8ve. Par la suite, il a effectu\u00e9 plusieurs s\u00e9jours aux \u00c9tats-Unis et a v\u00e9cu durant quatre ans [&hellip;]<\/p>\n","protected":false},"author":2,"featured_media":2292,"comment_status":"closed","ping_status":"open","sticky":false,"template":"","format":"standard","meta":{"footnotes":""},"categories":[24],"tags":[],"class_list":["post-2114","post","type-post","status-publish","format-standard","has-post-thumbnail","hentry","category-temporaire-2"],"_links":{"self":[{"href":"https:\/\/www.museummurten.ch\/fr\/wp-json\/wp\/v2\/posts\/2114","targetHints":{"allow":["GET"]}}],"collection":[{"href":"https:\/\/www.museummurten.ch\/fr\/wp-json\/wp\/v2\/posts"}],"about":[{"href":"https:\/\/www.museummurten.ch\/fr\/wp-json\/wp\/v2\/types\/post"}],"author":[{"embeddable":true,"href":"https:\/\/www.museummurten.ch\/fr\/wp-json\/wp\/v2\/users\/2"}],"replies":[{"embeddable":true,"href":"https:\/\/www.museummurten.ch\/fr\/wp-json\/wp\/v2\/comments?post=2114"}],"version-history":[{"count":0,"href":"https:\/\/www.museummurten.ch\/fr\/wp-json\/wp\/v2\/posts\/2114\/revisions"}],"wp:featuredmedia":[{"embeddable":true,"href":"https:\/\/www.museummurten.ch\/fr\/wp-json\/wp\/v2\/media\/2292"}],"wp:attachment":[{"href":"https:\/\/www.museummurten.ch\/fr\/wp-json\/wp\/v2\/media?parent=2114"}],"wp:term":[{"taxonomy":"category","embeddable":true,"href":"https:\/\/www.museummurten.ch\/fr\/wp-json\/wp\/v2\/categories?post=2114"},{"taxonomy":"post_tag","embeddable":true,"href":"https:\/\/www.museummurten.ch\/fr\/wp-json\/wp\/v2\/tags?post=2114"}],"curies":[{"name":"wp","href":"https:\/\/api.w.org\/{rel}","templated":true}]}}