{"id":2117,"date":"2015-06-01T14:39:46","date_gmt":"2015-06-01T13:39:46","guid":{"rendered":"http:\/\/www.museummurten\/2015\/06\/grenzenfrontieres-2\/"},"modified":"2017-05-26T09:27:43","modified_gmt":"2017-05-26T08:27:43","slug":"grenzenfrontieres-2","status":"publish","type":"post","link":"https:\/\/www.museummurten.ch\/fr\/2015\/06\/grenzenfrontieres-2\/","title":{"rendered":"7 juin &#8211; 4 octobre 2015 | \u00ab\u00a0Grenzen\/Fronti\u00e8res\u00a0\u00bb"},"content":{"rendered":"<p>La notion de \u00ab\u00a0fronti\u00e8res\u00a0\u00bb est un th\u00e8me majeur de r\u00e9flexion dans de nombreux domaines comme l\u2019histoire, la sociologie, la g\u00e9ographie ou encore la philosophie.<\/p>\n<p>Les fronti\u00e8res ne sont pas de simples lignes de d\u00e9marcations. En effet, elles peuvent cloisonner, g\u00e9n\u00e9rer des clivages, mais aussi rapprocher, r\u00e9unir, en fonction des enjeux et du contexte du moment.<\/p>\n<p>L\u2019exposition propose une r\u00e9flexion autour de trois fronti\u00e8res qui ont marqu\u00e9 notre histoire r\u00e9gionale. Nous \u00e9voquerons le th\u00e8me des fronti\u00e8res confessionnelles et linguistiques (dimension culturelle) ainsi que les fronti\u00e8res territoriales (dimension politique) \u00e0 travers notamment des objets historiques, des documents d\u2019archives et des interviews.<\/p>\n<p>L\u2019\u00e9vocation de ces fronti\u00e8res porte avec elle la question de l\u2019identit\u00e9. Les fronti\u00e8res excluent. Les fronti\u00e8res d\u00e9finissent. Les fronti\u00e8res prot\u00e8gent. Les r\u00e9gions-fronti\u00e8res sont-elles alors des no man\u2019s lands, des zones d\u2019\u00e9changes ou de conflits, des ponts entre diff\u00e9rentes cultures\u00a0?<\/p>\n<p>Pour accompagner et prolonger la r\u00e9flexion, le mus\u00e9e de Morat accueillera les \u0153uvres de vingt artistes de Visarte-Fribourg\u00a0: Bernard Bailly, Hugo Br\u00fclhart, Georges Corpataux, Fran\u00e7oise Emmenegger, Odile Gauthier, V\u00e9ronique Grube-Brodard, Josiane Guilland, Julia Huber, Maryl\u00e8ne Joye, Pierre-Alain Morel, Augustin Pasquier, Corn\u00e9lia Patthey, Isabelle Pilloud, Francesco Ragusa, Magdolna Rubin, Flaviano Salzani, Hans Sch\u00f6pfer, Marie Vieli,\u00a0 Klakla Wojtek , Catherine Zumkeller.<\/p>\n<p>Ainsi, \u00e0 c\u00f4t\u00e9 de pi\u00e8ces historiques, ces artistes proposeront un regard contemporain, parfois intemporel, sur cette probl\u00e9matique.<\/p>\n<p>&nbsp;<\/p>\n<p style=\"text-align: center;\" align=\"center\"><strong>Les Hommes font les fronti\u00e8res\u2026les fronti\u00e8res font les Hommes\u2026<\/strong><\/p>\n<p style=\"text-align: left;\" align=\"center\"><strong>Manifestations :<\/strong><\/p>\n<p style=\"text-align: left;\" align=\"center\">6 Juin, 18 heures : <em>Vernissage<\/em><\/p>\n<p>11 juin, 19 heures\u00a0: Prof. Dr. Patrick Suter, Universit\u00e9 de Berne\u00a0: <i>\u00ab\u00a0Fronti\u00e8res\u00a0\u00bb, Lecture et repr\u00e9sentation.<\/i><\/p>\n<p>18 juin, 19 heures : Vortrag von Prof. Dr. Andr\u00e9 Holenstein, Universit\u00e4t Bern: <i>Verflechtung und Abgrenzung. Historische Betrachtungen zur \u00ab\u00a0condition d&rsquo;\u00eatre\u00a0\u00bb des Kleinstaats Schweiz.<\/i><\/p>\n<p>25 juin, 19 heures : Vortrag von Pascale Schaller, Doktorandin SNF und Alexandra Schiesser, Diplomassistentin, Universit\u00e4t Freiburg : <i>Identit\u00e4t an der Sprachgrenze. Ein linguistischer Blick auf Freiburg und dar\u00fcber hinaus.<\/i><\/p>\n<p>2 juillet, 19 heures\u00a0: <i>Visite guid\u00e9e de l\u2019exposition \u00ab\u00a0\u00a0Grenzen \/ Fronti\u00e8res \u00bb en compagnie d\u2019Ivan Mariano, directeur du mus\u00e9e<\/i><\/p>\n<p>3 septembre, 19 heures\u00a0: Conf\u00e9rence de Bernhard Altermatt, doctorant, Universit\u00e9 de Fribourg\u00a0: <i>Langues, confessions, structures politiques : Les fronti\u00e8res dans la r\u00e9gion des Trois-Lacs et alentours.<\/i><\/p>\n<p>10 septembre, 19 heures\u00a0: Conf\u00e9rence-discussion avec l\u2019historien Jean-Pierre Dorand et le Pr\u00e9fet du district du Lac, Daniel Lehmann\u00a0: <i>L\u2019identit\u00e9 du district du Lac : hier et aujourd\u2019hui.<\/i><\/p>\n<p>11 septembre, 20 heures\u00a0: <i>Concert de Gustav<\/i> (Entr\u00e9e\u00a0: 30.-).<\/p>\n<p>17 septembre, 19 heures : <i>F\u00fchrung durch die Wechselausstellung \u00ab Grenzen\/Fronti\u00e8res \u00bb, Monika Kohli, wissenschaftliche Mitarbeiterin im Museum Murten.<\/i><\/p>\n<p>24 septembre, 19 heures\u00a0: Conf\u00e9rence de Liliane Meyer Pitton, Dr. des, Universit\u00e9 de Berne et Larissa S. Schedel, Doctorante FNS, Universit\u00e9 de Fribourg\u00a0: <i>Vacances au R\u00f6stigraben: la valeur de la fronti\u00e8re linguistique pour l\u2019industrie du tourisme<\/i>.<\/p>\n<p>26 septembre, 17 heures\u00a0: Journ\u00e9e du bilinguisme\u00a0: Visite guid\u00e9e publique \u201eAm\u00fcseum\u201c.<\/p>\n<p>1er octobre, 19 heures : Vortrag von Pierre Blanc, Grabungsleiter des Site et Mus\u00e9e romains d\u2019Avenches: <i>Avenches\/Aventicum, eine r\u00f6mische Stadt in helvetischem Gebiet.<\/i><\/p>\n<p>3 octobre, d\u00e8s 16 heures\u00a0: <i>Finissage<\/i>.<\/p>\n","protected":false},"excerpt":{"rendered":"<p>La notion de \u00ab\u00a0fronti\u00e8res\u00a0\u00bb est un th\u00e8me majeur de r\u00e9flexion dans de nombreux domaines comme l\u2019histoire, la sociologie, la g\u00e9ographie ou encore la philosophie. Les fronti\u00e8res ne sont pas de simples lignes de d\u00e9marcations. En effet, elles peuvent cloisonner, g\u00e9n\u00e9rer des clivages, mais aussi rapprocher, r\u00e9unir, en fonction des enjeux et du contexte du moment. [&hellip;]<\/p>\n","protected":false},"author":2,"featured_media":2289,"comment_status":"closed","ping_status":"open","sticky":false,"template":"","format":"standard","meta":{"footnotes":""},"categories":[24],"tags":[],"class_list":["post-2117","post","type-post","status-publish","format-standard","has-post-thumbnail","hentry","category-temporaire-2"],"_links":{"self":[{"href":"https:\/\/www.museummurten.ch\/fr\/wp-json\/wp\/v2\/posts\/2117","targetHints":{"allow":["GET"]}}],"collection":[{"href":"https:\/\/www.museummurten.ch\/fr\/wp-json\/wp\/v2\/posts"}],"about":[{"href":"https:\/\/www.museummurten.ch\/fr\/wp-json\/wp\/v2\/types\/post"}],"author":[{"embeddable":true,"href":"https:\/\/www.museummurten.ch\/fr\/wp-json\/wp\/v2\/users\/2"}],"replies":[{"embeddable":true,"href":"https:\/\/www.museummurten.ch\/fr\/wp-json\/wp\/v2\/comments?post=2117"}],"version-history":[{"count":1,"href":"https:\/\/www.museummurten.ch\/fr\/wp-json\/wp\/v2\/posts\/2117\/revisions"}],"predecessor-version":[{"id":4009,"href":"https:\/\/www.museummurten.ch\/fr\/wp-json\/wp\/v2\/posts\/2117\/revisions\/4009"}],"wp:featuredmedia":[{"embeddable":true,"href":"https:\/\/www.museummurten.ch\/fr\/wp-json\/wp\/v2\/media\/2289"}],"wp:attachment":[{"href":"https:\/\/www.museummurten.ch\/fr\/wp-json\/wp\/v2\/media?parent=2117"}],"wp:term":[{"taxonomy":"category","embeddable":true,"href":"https:\/\/www.museummurten.ch\/fr\/wp-json\/wp\/v2\/categories?post=2117"},{"taxonomy":"post_tag","embeddable":true,"href":"https:\/\/www.museummurten.ch\/fr\/wp-json\/wp\/v2\/tags?post=2117"}],"curies":[{"name":"wp","href":"https:\/\/api.w.org\/{rel}","templated":true}]}}