{"id":2120,"date":"2015-10-08T17:57:34","date_gmt":"2015-10-08T16:57:34","guid":{"rendered":"http:\/\/www.museummurten\/2015\/10\/anna-coudray-et-bertrand-kurzo-lart-des-contraires-11-octobre-29-novembre-2015-vernissage-samedi-10-octobre-2015-a-18-heures\/"},"modified":"2017-05-26T09:27:37","modified_gmt":"2017-05-26T08:27:37","slug":"anna-coudray-et-bertrand-kurzo-lart-des-contraires-11-octobre-29-novembre-2015-vernissage-samedi-10-octobre-2015-a-18-heures","status":"publish","type":"post","link":"https:\/\/www.museummurten.ch\/fr\/2015\/10\/anna-coudray-et-bertrand-kurzo-lart-des-contraires-11-octobre-29-novembre-2015-vernissage-samedi-10-octobre-2015-a-18-heures\/","title":{"rendered":"11 octobre &#8211; 29 novembre 2015 | Anna Coudray et Bertrand Kurzo \u00ab\u00a0L&rsquo;art des contraires\u00a0\u00bb"},"content":{"rendered":"<p>L\u2019exposition \u00ab\u00a0L\u2019art des contraires\u00a0\u00bb propose la rencontre entre deux artistes fribourgeois, Anna Coudray et Bertrand Kurzo.<\/p>\n<p>Anna Coudray est n\u00e9e en 1967 \u00e0 Fribourg. Elle est orf\u00e8vre de m\u00e9tier et depuis 2011 poss\u00e8de son propre atelier. \u00c0 c\u00f4t\u00e9 de la cr\u00e9ation et de la r\u00e9alisation de bijoux, Anna Coudray se consacre depuis de nombreuses ann\u00e9es avec succ\u00e8s \u00e0 la peinture, au modelage et \u00e0 la sculpture. Elle compte \u00e0 ce jour de nombreuses expositions en Suisse et \u00e0 l\u2019\u00e9tranger.<\/p>\n<p>Bertrand Kurzo est n\u00e9 en 1963 \u00e0 Fribourg. Apr\u00e8s avoir effectu\u00e9 durant quelques ann\u00e9es le m\u00e9tier de carreleur, il devient cantonnier. C\u2019est en exer\u00e7ant cette profession que l\u2019id\u00e9e lui est venue de recycler des objets et de les transformer en sculptures. Depuis 2013, c\u2019est lui qui pr\u00e9pare le prix remis aux vainqueurs de la course Morat-Fribourg. Ces derni\u00e8res ann\u00e9es, il a pr\u00e9sent\u00e9 ses \u0153uvres lors d\u2019expositions collectives et individuelles.<\/p>\n<p>Port\u00e9e par des styles et des arts diff\u00e9rents &#8211; les sculptures de Bertrand Kurzo et les peintures d\u2019Anna Coudray -, le c\u0153ur de l\u2019exposition ouvre un dialogue esth\u00e9tique qui se d\u00e9cline dans un jeu antinomique teint\u00e9 d\u2019une ironie subtile.<\/p>\n<p>26 novembre, 19 heures\u00a0: Visite guid\u00e9e de l\u2019exposition par Anna Coudray et Bertrand Kurzo.<\/p>\n","protected":false},"excerpt":{"rendered":"<p>L\u2019exposition \u00ab\u00a0L\u2019art des contraires\u00a0\u00bb propose la rencontre entre deux artistes fribourgeois, Anna Coudray et Bertrand Kurzo. Anna Coudray est n\u00e9e en 1967 \u00e0 Fribourg. Elle est orf\u00e8vre de m\u00e9tier et depuis 2011 poss\u00e8de son propre atelier. \u00c0 c\u00f4t\u00e9 de la cr\u00e9ation et de la r\u00e9alisation de bijoux, Anna Coudray se consacre depuis de nombreuses ann\u00e9es [&hellip;]<\/p>\n","protected":false},"author":2,"featured_media":3072,"comment_status":"closed","ping_status":"open","sticky":false,"template":"","format":"standard","meta":{"footnotes":""},"categories":[24],"tags":[],"class_list":["post-2120","post","type-post","status-publish","format-standard","has-post-thumbnail","hentry","category-temporaire-2"],"_links":{"self":[{"href":"https:\/\/www.museummurten.ch\/fr\/wp-json\/wp\/v2\/posts\/2120","targetHints":{"allow":["GET"]}}],"collection":[{"href":"https:\/\/www.museummurten.ch\/fr\/wp-json\/wp\/v2\/posts"}],"about":[{"href":"https:\/\/www.museummurten.ch\/fr\/wp-json\/wp\/v2\/types\/post"}],"author":[{"embeddable":true,"href":"https:\/\/www.museummurten.ch\/fr\/wp-json\/wp\/v2\/users\/2"}],"replies":[{"embeddable":true,"href":"https:\/\/www.museummurten.ch\/fr\/wp-json\/wp\/v2\/comments?post=2120"}],"version-history":[{"count":1,"href":"https:\/\/www.museummurten.ch\/fr\/wp-json\/wp\/v2\/posts\/2120\/revisions"}],"predecessor-version":[{"id":4006,"href":"https:\/\/www.museummurten.ch\/fr\/wp-json\/wp\/v2\/posts\/2120\/revisions\/4006"}],"wp:featuredmedia":[{"embeddable":true,"href":"https:\/\/www.museummurten.ch\/fr\/wp-json\/wp\/v2\/media\/3072"}],"wp:attachment":[{"href":"https:\/\/www.museummurten.ch\/fr\/wp-json\/wp\/v2\/media?parent=2120"}],"wp:term":[{"taxonomy":"category","embeddable":true,"href":"https:\/\/www.museummurten.ch\/fr\/wp-json\/wp\/v2\/categories?post=2120"},{"taxonomy":"post_tag","embeddable":true,"href":"https:\/\/www.museummurten.ch\/fr\/wp-json\/wp\/v2\/tags?post=2120"}],"curies":[{"name":"wp","href":"https:\/\/api.w.org\/{rel}","templated":true}]}}