{"id":2123,"date":"2016-02-22T09:45:44","date_gmt":"2016-02-22T08:45:44","guid":{"rendered":"http:\/\/www.museummurten\/2016\/02\/francoise-emmenegger-et-catherine-zumkeller-ephemere-20-mars-31-mai-2016-vernissage-samedi-19-mars-a-18-heures\/"},"modified":"2017-05-26T09:27:32","modified_gmt":"2017-05-26T08:27:32","slug":"francoise-emmenegger-et-catherine-zumkeller-ephemere-20-mars-31-mai-2016-vernissage-samedi-19-mars-a-18-heures","status":"publish","type":"post","link":"https:\/\/www.museummurten.ch\/fr\/2016\/02\/francoise-emmenegger-et-catherine-zumkeller-ephemere-20-mars-31-mai-2016-vernissage-samedi-19-mars-a-18-heures\/","title":{"rendered":"20 mars &#8211; 31 mai 2016 | Fran\u00e7oise Emmenegger et Catherine Zumkeller \u00ab\u00a0\u00c9ph\u00e9m\u00e8re\u00a0\u00bb"},"content":{"rendered":"<p><strong>\u00a0Vernissage, samedi 19 mars \u00e0 18 heures<\/strong><\/p>\n<p>Les oeuvres expos\u00e9es par Catherine Zumkeller et Fran\u00e7oise Emmenegger nous proposent un voyage\u2026une r\u00e9flexion sur le fragile\u2026l\u2019\u00e9ph\u00e9m\u00e8re\u2026souvenirs d\u2019un paradis perdu\u2026<\/p>\n<p>Jeux d\u2019ombre et de lumi\u00e8re, lignes l\u00e9g\u00e8res pos\u00e9es sur le papier, silhouettes en bronze sculpt\u00e9es, c\u00e8dent la place \u00e0 des formes v\u00e9g\u00e9tales, \u00e0 des figures anthropomorphiques. Des \u0153uvres qui rappellent la beaut\u00e9 et l\u2019absurdit\u00e9 de l\u2019\u00e9ph\u00e9m\u00e8re\u2026<\/p>\n<p>Catherine Zumkeller est n\u00e9e \u00e0 Berne et vit aujourd\u2019hui \u00e0 Bulle. Artiste \u00e0 temps complet, elle suit r\u00e9guli\u00e8rement des ateliers en Suisse et en Allemagne et expose depuis 1990. Catherine Zumkeller donne des cours ouverts aux int\u00e9ress\u00e9s au sein m\u00eame de son atelier. Elle est membre de Visarte Fribourg.<\/p>\n<p>Entre 1986 et 1991, Fran\u00e7oise Emmenegger a \u00e9tudi\u00e9 \u00e0 l\u2019\u00c9cole des Beaux-Arts de Berne et \u00e0 l\u2019\u00c9cole Nationale Sup\u00e9rieure des Arts Visuels de la Cambre \u00e0 Bruxelles. Elle enseigne aujourd\u2019hui les Arts visuels \u00e0 Fribourg. Fran\u00e7oise Emmenegger est elle aussi membre de l\u2019association Visarte.<\/p>\n<p>Plus de cent \u0153uvres sont \u00e0 d\u00e9couvrir sur les cinq \u00e9tages du Mus\u00e9e.<\/p>\n<p>12 mai, 19 heures : Visite guid\u00e9e de l\u2019exposition temporaire par Fran\u00e7oise Emmenegger et Catherine Zumkeller.<\/p>\n<p>&nbsp;<\/p>\n<p>&nbsp;<\/p>\n","protected":false},"excerpt":{"rendered":"<p>\u00a0Vernissage, samedi 19 mars \u00e0 18 heures Les oeuvres expos\u00e9es par Catherine Zumkeller et Fran\u00e7oise Emmenegger nous proposent un voyage\u2026une r\u00e9flexion sur le fragile\u2026l\u2019\u00e9ph\u00e9m\u00e8re\u2026souvenirs d\u2019un paradis perdu\u2026 Jeux d\u2019ombre et de lumi\u00e8re, lignes l\u00e9g\u00e8res pos\u00e9es sur le papier, silhouettes en bronze sculpt\u00e9es, c\u00e8dent la place \u00e0 des formes v\u00e9g\u00e9tales, \u00e0 des figures anthropomorphiques. Des \u0153uvres [&hellip;]<\/p>\n","protected":false},"author":2,"featured_media":2281,"comment_status":"closed","ping_status":"open","sticky":false,"template":"","format":"standard","meta":{"footnotes":""},"categories":[24],"tags":[],"class_list":["post-2123","post","type-post","status-publish","format-standard","has-post-thumbnail","hentry","category-temporaire-2"],"_links":{"self":[{"href":"https:\/\/www.museummurten.ch\/fr\/wp-json\/wp\/v2\/posts\/2123","targetHints":{"allow":["GET"]}}],"collection":[{"href":"https:\/\/www.museummurten.ch\/fr\/wp-json\/wp\/v2\/posts"}],"about":[{"href":"https:\/\/www.museummurten.ch\/fr\/wp-json\/wp\/v2\/types\/post"}],"author":[{"embeddable":true,"href":"https:\/\/www.museummurten.ch\/fr\/wp-json\/wp\/v2\/users\/2"}],"replies":[{"embeddable":true,"href":"https:\/\/www.museummurten.ch\/fr\/wp-json\/wp\/v2\/comments?post=2123"}],"version-history":[{"count":1,"href":"https:\/\/www.museummurten.ch\/fr\/wp-json\/wp\/v2\/posts\/2123\/revisions"}],"predecessor-version":[{"id":4003,"href":"https:\/\/www.museummurten.ch\/fr\/wp-json\/wp\/v2\/posts\/2123\/revisions\/4003"}],"wp:featuredmedia":[{"embeddable":true,"href":"https:\/\/www.museummurten.ch\/fr\/wp-json\/wp\/v2\/media\/2281"}],"wp:attachment":[{"href":"https:\/\/www.museummurten.ch\/fr\/wp-json\/wp\/v2\/media?parent=2123"}],"wp:term":[{"taxonomy":"category","embeddable":true,"href":"https:\/\/www.museummurten.ch\/fr\/wp-json\/wp\/v2\/categories?post=2123"},{"taxonomy":"post_tag","embeddable":true,"href":"https:\/\/www.museummurten.ch\/fr\/wp-json\/wp\/v2\/tags?post=2123"}],"curies":[{"name":"wp","href":"https:\/\/api.w.org\/{rel}","templated":true}]}}