{"id":3661,"date":"2016-06-22T21:59:47","date_gmt":"2016-06-22T20:59:47","guid":{"rendered":"http:\/\/www.museummurten\/fr\/?p=3661"},"modified":"2017-05-26T09:27:29","modified_gmt":"2017-05-26T08:27:29","slug":"12-juin-2-octobre-2016-feuer-au-feu","status":"publish","type":"post","link":"https:\/\/www.museummurten.ch\/fr\/2016\/06\/12-juin-2-octobre-2016-feuer-au-feu\/","title":{"rendered":"12 juin &#8211; 2 octobre 2016 | Feuer!&#8230; Au feu !&#8230;"},"content":{"rendered":"<p><strong>Vernissage, samedi 11 juin \u00e0 18 heures<\/strong><\/p>\n<p>Il y a 600 ans, au d\u00e9but du mois d\u2019avril 1416, la ville de Morat fut ravag\u00e9e par un incendie. Plusieurs textes conserv\u00e9s dans les archives de la ville \u00e9voquent cette catastrophe et mentionnent les mesures qui ont \u00e9t\u00e9 prises \u00e0 la suite de cet \u00e9v\u00e9nement.<\/p>\n<p>L\u2019exposition \u00ab\u00a0Feuer\u00a0!\u2026 Au feu\u00a0!\u2026\u00a0\u00bb aborde le th\u00e8me des incendies et du travail des sapeurs-pompiers \u00e0 travers pi\u00e8ces et documents historiques de diverses natures. Apr\u00e8s avoir trait\u00e9, dans la salle d\u2019introduction, des aspects positifs et n\u00e9gatifs li\u00e9s au feu, l\u2019exposition propose de s\u2019int\u00e9resser \u00e0 la lutte contre les incendies, en prenant comme point de d\u00e9part la p\u00e9riode m\u00e9di\u00e9vale et le cas de l\u2019incendie de Morat. L\u2019exposition met ensuite en exergue l\u2019\u00e9volution du mat\u00e9riel \u00e0 disposition des sapeurs-pompiers, du 18\u00e8me si\u00e8cle \u00e0 aujourd\u2019hui. La derni\u00e8re partie illustre \u00e0 travers d\u2019impressionnantes photographies et des films d\u2019archives, quelques incendies ayant eu lieux dans le canton de Fribourg et offre un aper\u00e7u du travail des sapeurs-pompiers en images.<\/p>\n<p><img loading=\"lazy\" decoding=\"async\" class=\"size-full wp-image-3665 aligncenter\" src=\"http:\/\/www.museummurten.ch\/wp-content\/uploads\/2016\/06\/Feuer-Au-feu-affiche.jpg\" alt=\"\" width=\"515\" height=\"740\" srcset=\"https:\/\/www.museummurten.ch\/wp-content\/uploads\/2016\/06\/Feuer-Au-feu-affiche.jpg 515w, https:\/\/www.museummurten.ch\/wp-content\/uploads\/2016\/06\/Feuer-Au-feu-affiche-209x300.jpg 209w, https:\/\/www.museummurten.ch\/wp-content\/uploads\/2016\/06\/Feuer-Au-feu-affiche-491x705.jpg 491w, https:\/\/www.museummurten.ch\/wp-content\/uploads\/2016\/06\/Feuer-Au-feu-affiche-450x647.jpg 450w\" sizes=\"auto, (max-width: 515px) 100vw, 515px\" \/><\/p>\n<p>&nbsp;<\/p>\n","protected":false},"excerpt":{"rendered":"<p>Vernissage, samedi 11 juin \u00e0 18 heures Il y a 600 ans, au d\u00e9but du mois d\u2019avril 1416, la ville de Morat fut ravag\u00e9e par un incendie. Plusieurs textes conserv\u00e9s dans les archives de la ville \u00e9voquent cette catastrophe et mentionnent les mesures qui ont \u00e9t\u00e9 prises \u00e0 la suite de cet \u00e9v\u00e9nement. L\u2019exposition \u00ab\u00a0Feuer\u00a0!\u2026 [&hellip;]<\/p>\n","protected":false},"author":4,"featured_media":3654,"comment_status":"closed","ping_status":"open","sticky":false,"template":"","format":"standard","meta":{"footnotes":""},"categories":[24],"tags":[],"class_list":["post-3661","post","type-post","status-publish","format-standard","has-post-thumbnail","hentry","category-temporaire-2"],"_links":{"self":[{"href":"https:\/\/www.museummurten.ch\/fr\/wp-json\/wp\/v2\/posts\/3661","targetHints":{"allow":["GET"]}}],"collection":[{"href":"https:\/\/www.museummurten.ch\/fr\/wp-json\/wp\/v2\/posts"}],"about":[{"href":"https:\/\/www.museummurten.ch\/fr\/wp-json\/wp\/v2\/types\/post"}],"author":[{"embeddable":true,"href":"https:\/\/www.museummurten.ch\/fr\/wp-json\/wp\/v2\/users\/4"}],"replies":[{"embeddable":true,"href":"https:\/\/www.museummurten.ch\/fr\/wp-json\/wp\/v2\/comments?post=3661"}],"version-history":[{"count":1,"href":"https:\/\/www.museummurten.ch\/fr\/wp-json\/wp\/v2\/posts\/3661\/revisions"}],"predecessor-version":[{"id":3700,"href":"https:\/\/www.museummurten.ch\/fr\/wp-json\/wp\/v2\/posts\/3661\/revisions\/3700"}],"wp:featuredmedia":[{"embeddable":true,"href":"https:\/\/www.museummurten.ch\/fr\/wp-json\/wp\/v2\/media\/3654"}],"wp:attachment":[{"href":"https:\/\/www.museummurten.ch\/fr\/wp-json\/wp\/v2\/media?parent=3661"}],"wp:term":[{"taxonomy":"category","embeddable":true,"href":"https:\/\/www.museummurten.ch\/fr\/wp-json\/wp\/v2\/categories?post=3661"},{"taxonomy":"post_tag","embeddable":true,"href":"https:\/\/www.museummurten.ch\/fr\/wp-json\/wp\/v2\/tags?post=3661"}],"curies":[{"name":"wp","href":"https:\/\/api.w.org\/{rel}","templated":true}]}}