{"id":3888,"date":"2017-01-10T11:06:36","date_gmt":"2017-01-10T10:06:36","guid":{"rendered":"http:\/\/www.museummurten.ch\/fr\/?p=3888"},"modified":"2017-05-26T09:27:19","modified_gmt":"2017-05-26T08:27:19","slug":"11-janvier-22-janvier-2017-festival-des-lumieres-de-morat","status":"publish","type":"post","link":"https:\/\/www.museummurten.ch\/fr\/2017\/01\/11-janvier-22-janvier-2017-festival-des-lumieres-de-morat\/","title":{"rendered":"11 janvier &#8211; 22 janvier 2017 | Festival des Lumi\u00e8res de Morat"},"content":{"rendered":"<p>&nbsp;<\/p>\n<p>Durant le Festival des Lumi\u00e8res de Morat, le mus\u00e9e accueille cinq arteplages. Un programme riche et vari\u00e9!<\/p>\n<p>&nbsp;<\/p>\n<p>\u00ab\u00a0Past and Future\u00a0\u00bb (arteplage n.26) est un mapping de dix minutes sur la fa\u00e7ade du Museum Murten \/ Mus\u00e9e de Morat. Un voyage dans le temps propos\u00e9 par l\u2019artiste moratois Adrian Scherzinger, accompagn\u00e9 par la musique et les effets sonores de Bobby Gertsch et de David Muther.<\/p>\n<p>&nbsp;<\/p>\n<p>\u00ab\u00a0L&rsquo;institut cr\u00e9ole\u00a0\u00bb (arteplage n.30) est un collectif compos\u00e9 de Wojtek Klakla et de Pierre-Alain Morel. Les deux artistes fribourgeois aiment jouer avec les codes. Dans le Museum Murten \/ Mus\u00e9e de Morat, ils offrent la possibilit\u00e9 aux visiteurs de d\u00e9couvrir une vaste exposition o\u00f9 le point de vue de spectateur-acteur est essentielle. \u00cates-vous pr\u00eats \u00e0 faire de votre visage une v\u00e9ritable oeuvre d&rsquo;art ?<\/p>\n<p>&nbsp;<\/p>\n<p>Le jeune et talentueux photographe animalier, \u00c9tienne Francey, a vu trois de ses photos prim\u00e9es au \u00ab\u00a0BBC Wildlife Photographer of the Year\u00a0\u00bb en 2013 et 2015. \u00ab\u00a0L\u00e9zarch\u00e9ologues\u00a0\u00bb est le titre du mapping qu\u2019il pr\u00e9sente sur l\u2019un des murs du Mus\u00e9e de Morat dans le cadre du Festival des Lumi\u00e8res. (arteplage n.28)<\/p>\n<p>Venez d\u00e9couvrir les aventures pleines d\u2019humour de cette famille de l\u00e9zards arch\u00e9ologues. Mais que vont-ils bien d\u00e9terrer\u00a0?<\/p>\n<p>&nbsp;<\/p>\n<p>Joelle Aeschlimann, Pauline Saglio et Mathieu Rivier sont trois jeunes artistes et designers d\u2019interaction form\u00e9s \u00e0 l\u2019\u00c9cole cantonale d\u2019art de Lausanne (Ecal). La \u00ab\u00a0Cave aux Bulles\u00a0\u00bb (arteplage n.27) est \u0153uvre interactive simple mais pleine de po\u00e9sie. Un doux retour en enfance\u2026<\/p>\n<p>&nbsp;<\/p>\n<p>\u00ab\u00a0Nature de la lumi\u00e8re\u00a0\u00bb est une arteplage didactique (arteplage n.29). Gr\u00e2ce \u00e0 plusieurs petites exp\u00e9riences simples et fascinantes, mises \u00e0 disposition par l\u2019\u00e9cole polytechnique de Z\u00fcrich (Wanderzirkus ETHZ), cette arteplage tente d\u2019illustrer et d\u2019\u00e9claircir certaines propri\u00e9t\u00e9s fondamentales de la lumi\u00e8re. Les lentilles, les photons, les lasers et les interf\u00e9rences n\u2019auront plus aucuns secrets pour vous!<\/p>\n<p>&nbsp;<\/p>\n<p>Le programme complet du festival sur <a href=\"http:\/\/www.moratfestivaldeslumieres.ch\">www.moratfestivaldeslumieres.ch<\/a><\/p>\n","protected":false},"excerpt":{"rendered":"<p>&nbsp; Durant le Festival des Lumi\u00e8res de Morat, le mus\u00e9e accueille cinq arteplages. Un programme riche et vari\u00e9! &nbsp; \u00ab\u00a0Past and Future\u00a0\u00bb (arteplage n.26) est un mapping de dix minutes sur la fa\u00e7ade du Museum Murten \/ Mus\u00e9e de Morat. Un voyage dans le temps propos\u00e9 par l\u2019artiste moratois Adrian Scherzinger, accompagn\u00e9 par la musique [&hellip;]<\/p>\n","protected":false},"author":2,"featured_media":3894,"comment_status":"closed","ping_status":"open","sticky":false,"template":"","format":"standard","meta":{"footnotes":""},"categories":[24],"tags":[],"class_list":["post-3888","post","type-post","status-publish","format-standard","has-post-thumbnail","hentry","category-temporaire-2"],"_links":{"self":[{"href":"https:\/\/www.museummurten.ch\/fr\/wp-json\/wp\/v2\/posts\/3888","targetHints":{"allow":["GET"]}}],"collection":[{"href":"https:\/\/www.museummurten.ch\/fr\/wp-json\/wp\/v2\/posts"}],"about":[{"href":"https:\/\/www.museummurten.ch\/fr\/wp-json\/wp\/v2\/types\/post"}],"author":[{"embeddable":true,"href":"https:\/\/www.museummurten.ch\/fr\/wp-json\/wp\/v2\/users\/2"}],"replies":[{"embeddable":true,"href":"https:\/\/www.museummurten.ch\/fr\/wp-json\/wp\/v2\/comments?post=3888"}],"version-history":[{"count":4,"href":"https:\/\/www.museummurten.ch\/fr\/wp-json\/wp\/v2\/posts\/3888\/revisions"}],"predecessor-version":[{"id":3904,"href":"https:\/\/www.museummurten.ch\/fr\/wp-json\/wp\/v2\/posts\/3888\/revisions\/3904"}],"wp:featuredmedia":[{"embeddable":true,"href":"https:\/\/www.museummurten.ch\/fr\/wp-json\/wp\/v2\/media\/3894"}],"wp:attachment":[{"href":"https:\/\/www.museummurten.ch\/fr\/wp-json\/wp\/v2\/media?parent=3888"}],"wp:term":[{"taxonomy":"category","embeddable":true,"href":"https:\/\/www.museummurten.ch\/fr\/wp-json\/wp\/v2\/categories?post=3888"},{"taxonomy":"post_tag","embeddable":true,"href":"https:\/\/www.museummurten.ch\/fr\/wp-json\/wp\/v2\/tags?post=3888"}],"curies":[{"name":"wp","href":"https:\/\/api.w.org\/{rel}","templated":true}]}}