{"id":4022,"date":"2017-06-09T15:05:07","date_gmt":"2017-06-09T14:05:07","guid":{"rendered":"http:\/\/www.museummurten.ch\/fr\/?p=4022"},"modified":"2017-06-09T15:17:40","modified_gmt":"2017-06-09T14:17:40","slug":"11-juin-1er-octobre-2017-primula-bosshard-julien-chavaillaz-jean-luc-cramatte-luca-etter-charly-rappo-entre-le-calice-et-le-fusil","status":"publish","type":"post","link":"https:\/\/www.museummurten.ch\/fr\/2017\/06\/11-juin-1er-octobre-2017-primula-bosshard-julien-chavaillaz-jean-luc-cramatte-luca-etter-charly-rappo-entre-le-calice-et-le-fusil\/","title":{"rendered":"11 juin &#8211; 1er octobre 2017 | Primula Bosshard, Julien Chavaillaz, Jean-Luc Cramatte, Luca Etter, Charly Rappo \u00ab\u00a0Entre le calice et le fusil\u00a0\u00bb"},"content":{"rendered":"<p><span lang=\"FR-CH\"><span style=\"color: #000000; font-family: Calibri;\">L\u2019exposition \u00ab\u00a0Entre le calice et le fusil\u00a0\u00bb propose le regard contemporain de cinq photographes fribourgeois sur les quatre traditions vivantes li\u00e9es \u00e0 la bataille de Morat (22 juin 1476) : La messe comm\u00e9morative \u00e0 la cath\u00e9drale St-Nicolas, la Solennit\u00e9, la course Morat-Fribourg et le Tir historique.<\/span><\/span><\/p>\n<p><span lang=\"FR-CH\"><span style=\"color: #000000; font-family: Calibri;\">Ces quatre actes comm\u00e9moratifs sont n\u00e9s au fil des si\u00e8cles et ont eu une \u00e9volution qui leur est propre, s\u2019\u00e9loignant parfois avec plus ou moins d\u2019intensit\u00e9 de leur forme originelle. <\/span><\/span><\/p>\n<p><span lang=\"FR-CH\"><span style=\"color: #000000; font-family: Calibri;\">Cette exposition nous offre l\u2019occasion de nous interroger sur l\u2019acte comm\u00e9moratif dans le cadre plus large des traditions vivantes. L\u2019acte comm\u00e9moratif est un discours, un ph\u00e9nom\u00e8ne social et politique, se traduisant par la r\u00e9appropriation d\u2019un pass\u00e9, un pass\u00e9 souvent reformul\u00e9 et reform\u00e9. Ce pass\u00e9 reprend sa place dans le pr\u00e9sent au moment de l\u2019acte et se veut alors le reflet d\u2019une identit\u00e9 collective. L\u2019acte comm\u00e9moratif s\u2019inscrit dans des lieux, dans une g\u00e9ographie reliant les participants entre eux. <\/span><\/span><\/p>\n<p><span lang=\"FR-CH\"><span style=\"color: #000000; font-family: Calibri;\">Les travaux photographiques de Primula Bosshard (s\u00e9rie de portraits), Julien Chavaillaz (Messe comm\u00e9morative), Charly Rappo (Solennit\u00e9), Luca Etter (Morat-Fribourg) et Jean-Luc Cramatte (Tir historique) nous plongent, l\u2019espace d\u2019un instant, dans une fresque atemporelle o\u00f9 pass\u00e9, pr\u00e9sent et parfois avenir se rencontrent et se confondent\u2026 des images qui questionnent nos traditions et qui nous questionnent. <\/span><\/span><\/p>\n<p>&nbsp;<\/p>\n<p><span lang=\"FR-CH\"><span style=\"color: #000000; font-family: Calibri;\">\u00ab\u00a0Traditions Vivantes en Images\u00a0\u00bb est un projet r\u00e9alis\u00e9 dans le cadre de l&rsquo;initiative \u00ab\u00a0Diversit\u00e9 culturelle dans les r\u00e9gions\u00a0\u00bb de la Fondation suisse pour la culture Pro Helvetia.<\/span><\/span><\/p>\n<p>&nbsp;<\/p>\n","protected":false},"excerpt":{"rendered":"<p>L\u2019exposition \u00ab\u00a0Entre le calice et le fusil\u00a0\u00bb propose le regard contemporain de cinq photographes fribourgeois sur les quatre traditions vivantes li\u00e9es \u00e0 la bataille de Morat (22 juin 1476) : La messe comm\u00e9morative \u00e0 la cath\u00e9drale St-Nicolas, la Solennit\u00e9, la course Morat-Fribourg et le Tir historique. Ces quatre actes comm\u00e9moratifs sont n\u00e9s au fil des [&hellip;]<\/p>\n","protected":false},"author":2,"featured_media":4018,"comment_status":"closed","ping_status":"closed","sticky":false,"template":"","format":"standard","meta":{"footnotes":""},"categories":[24],"tags":[],"class_list":["post-4022","post","type-post","status-publish","format-standard","has-post-thumbnail","hentry","category-temporaire-2"],"_links":{"self":[{"href":"https:\/\/www.museummurten.ch\/fr\/wp-json\/wp\/v2\/posts\/4022","targetHints":{"allow":["GET"]}}],"collection":[{"href":"https:\/\/www.museummurten.ch\/fr\/wp-json\/wp\/v2\/posts"}],"about":[{"href":"https:\/\/www.museummurten.ch\/fr\/wp-json\/wp\/v2\/types\/post"}],"author":[{"embeddable":true,"href":"https:\/\/www.museummurten.ch\/fr\/wp-json\/wp\/v2\/users\/2"}],"replies":[{"embeddable":true,"href":"https:\/\/www.museummurten.ch\/fr\/wp-json\/wp\/v2\/comments?post=4022"}],"version-history":[{"count":4,"href":"https:\/\/www.museummurten.ch\/fr\/wp-json\/wp\/v2\/posts\/4022\/revisions"}],"predecessor-version":[{"id":4031,"href":"https:\/\/www.museummurten.ch\/fr\/wp-json\/wp\/v2\/posts\/4022\/revisions\/4031"}],"wp:featuredmedia":[{"embeddable":true,"href":"https:\/\/www.museummurten.ch\/fr\/wp-json\/wp\/v2\/media\/4018"}],"wp:attachment":[{"href":"https:\/\/www.museummurten.ch\/fr\/wp-json\/wp\/v2\/media?parent=4022"}],"wp:term":[{"taxonomy":"category","embeddable":true,"href":"https:\/\/www.museummurten.ch\/fr\/wp-json\/wp\/v2\/categories?post=4022"},{"taxonomy":"post_tag","embeddable":true,"href":"https:\/\/www.museummurten.ch\/fr\/wp-json\/wp\/v2\/tags?post=4022"}],"curies":[{"name":"wp","href":"https:\/\/api.w.org\/{rel}","templated":true}]}}