{"id":4140,"date":"2018-01-09T12:47:15","date_gmt":"2018-01-09T11:47:15","guid":{"rendered":"http:\/\/www.museummurten.ch\/?p=4140"},"modified":"2018-01-09T14:06:46","modified_gmt":"2018-01-09T13:06:46","slug":"17-janvier-28-janvier-2018-festival-des-lumieres-de-morat","status":"publish","type":"post","link":"https:\/\/www.museummurten.ch\/fr\/2018\/01\/17-janvier-28-janvier-2018-festival-des-lumieres-de-morat\/","title":{"rendered":"17 janvier &#8211; 28 janvier 2018 | Festival des Lumi\u00e8res de Morat"},"content":{"rendered":"<p>Durant le Festival des Lumi\u00e8res de Morat, le mus\u00e9e accueille\u00a0sept arteplages. Un programme riche et vari\u00e9!<\/p>\n<p>&nbsp;<\/p>\n<ul>\n<li>Adrian Scherzinger: 20th century music<\/li>\n<li>L&rsquo;Institut cr\u00e9ole (Wojtek Klakla et Pierre-Alain Morel): Feu au Mus\u00e9e<\/li>\n<li>Bertrand Kurzo: Scorpio<\/li>\n<li>Pauline Saglio et Mathieu Rivier: Th\u00e9\u00e2tre des souvenirs<\/li>\n<li>Wanderzikus, (EPFZ): Natur des Lichts<\/li>\n<li>Cee-Roo: World Music<\/li>\n<li>Co de Domdidier: L&rsquo;ICE sociation<\/li>\n<\/ul>\n","protected":false},"excerpt":{"rendered":"<p>Durant le Festival des Lumi\u00e8res de Morat, le mus\u00e9e accueille\u00a0sept arteplages. Un programme riche et vari\u00e9! &nbsp; Adrian Scherzinger: 20th century music L&rsquo;Institut cr\u00e9ole (Wojtek Klakla et Pierre-Alain Morel): Feu au Mus\u00e9e Bertrand Kurzo: Scorpio Pauline Saglio et Mathieu Rivier: Th\u00e9\u00e2tre des souvenirs Wanderzikus, (EPFZ): Natur des Lichts Cee-Roo: World Music Co de Domdidier: L&rsquo;ICE [&hellip;]<\/p>\n","protected":false},"author":2,"featured_media":4131,"comment_status":"closed","ping_status":"closed","sticky":false,"template":"","format":"standard","meta":{"footnotes":""},"categories":[24],"tags":[],"class_list":["post-4140","post","type-post","status-publish","format-standard","has-post-thumbnail","hentry","category-temporaire-2"],"_links":{"self":[{"href":"https:\/\/www.museummurten.ch\/fr\/wp-json\/wp\/v2\/posts\/4140","targetHints":{"allow":["GET"]}}],"collection":[{"href":"https:\/\/www.museummurten.ch\/fr\/wp-json\/wp\/v2\/posts"}],"about":[{"href":"https:\/\/www.museummurten.ch\/fr\/wp-json\/wp\/v2\/types\/post"}],"author":[{"embeddable":true,"href":"https:\/\/www.museummurten.ch\/fr\/wp-json\/wp\/v2\/users\/2"}],"replies":[{"embeddable":true,"href":"https:\/\/www.museummurten.ch\/fr\/wp-json\/wp\/v2\/comments?post=4140"}],"version-history":[{"count":4,"href":"https:\/\/www.museummurten.ch\/fr\/wp-json\/wp\/v2\/posts\/4140\/revisions"}],"predecessor-version":[{"id":4203,"href":"https:\/\/www.museummurten.ch\/fr\/wp-json\/wp\/v2\/posts\/4140\/revisions\/4203"}],"wp:featuredmedia":[{"embeddable":true,"href":"https:\/\/www.museummurten.ch\/fr\/wp-json\/wp\/v2\/media\/4131"}],"wp:attachment":[{"href":"https:\/\/www.museummurten.ch\/fr\/wp-json\/wp\/v2\/media?parent=4140"}],"wp:term":[{"taxonomy":"category","embeddable":true,"href":"https:\/\/www.museummurten.ch\/fr\/wp-json\/wp\/v2\/categories?post=4140"},{"taxonomy":"post_tag","embeddable":true,"href":"https:\/\/www.museummurten.ch\/fr\/wp-json\/wp\/v2\/tags?post=4140"}],"curies":[{"name":"wp","href":"https:\/\/api.w.org\/{rel}","templated":true}]}}