{"id":4187,"date":"2018-02-02T15:19:07","date_gmt":"2018-02-02T14:19:07","guid":{"rendered":"http:\/\/www.museummurten.ch\/?p=4187"},"modified":"2019-10-09T17:16:05","modified_gmt":"2019-10-09T16:16:05","slug":"02-fevrier-04-mars-2018-exposition-festival-des-lumieres","status":"publish","type":"post","link":"https:\/\/www.museummurten.ch\/fr\/2018\/02\/02-fevrier-04-mars-2018-exposition-festival-des-lumieres\/","title":{"rendered":"02 f\u00e9vrier &#8211; 4 mars 2018 | Exposition \u00ab\u00a0Festival des Lumi\u00e8res\u00a0\u00bb"},"content":{"rendered":"<p>Un programme riche et vari\u00e9!<\/p>\n<ul>\n<li>Francis Moret: Alle Wege&#8230; m\u00e8nent \u00e0 Morat<\/li>\n<li>L&rsquo;Institut cr\u00e9ole (Wojtek Klakla et Pierre-Alain Morel): Feu au Mus\u00e9e<\/li>\n<li>Bertrand Kurzo: Scorpio<\/li>\n<li>Pauline Saglio et Mathieu Rivier: Th\u00e9\u00e2tre des souvenirs<\/li>\n<li>Wanderzikus, (EPFZ): Natur des Lichts<\/li>\n<li>Cee-Roo: World Music<\/li>\n<li>Co de Domdidier: L&rsquo;ICE sociation<\/li>\n<\/ul>\n<p>Vendredi et samedi: 14 &#8211; 17 heures<\/p>\n<p>Dimanche: 10 &#8211; 17 heures<\/p>\n","protected":false},"excerpt":{"rendered":"<p>Un programme riche et vari\u00e9! Francis Moret: Alle Wege&#8230; m\u00e8nent \u00e0 Morat L&rsquo;Institut cr\u00e9ole (Wojtek Klakla et Pierre-Alain Morel): Feu au Mus\u00e9e Bertrand Kurzo: Scorpio Pauline Saglio et Mathieu Rivier: Th\u00e9\u00e2tre des souvenirs Wanderzikus, (EPFZ): Natur des Lichts Cee-Roo: World Music Co de Domdidier: L&rsquo;ICE sociation Vendredi et samedi: 14 &#8211; 17 heures Dimanche: 10 [&hellip;]<\/p>\n","protected":false},"author":2,"featured_media":4184,"comment_status":"closed","ping_status":"closed","sticky":false,"template":"","format":"standard","meta":{"footnotes":""},"categories":[24],"tags":[],"class_list":["post-4187","post","type-post","status-publish","format-standard","has-post-thumbnail","hentry","category-temporaire-2"],"_links":{"self":[{"href":"https:\/\/www.museummurten.ch\/fr\/wp-json\/wp\/v2\/posts\/4187","targetHints":{"allow":["GET"]}}],"collection":[{"href":"https:\/\/www.museummurten.ch\/fr\/wp-json\/wp\/v2\/posts"}],"about":[{"href":"https:\/\/www.museummurten.ch\/fr\/wp-json\/wp\/v2\/types\/post"}],"author":[{"embeddable":true,"href":"https:\/\/www.museummurten.ch\/fr\/wp-json\/wp\/v2\/users\/2"}],"replies":[{"embeddable":true,"href":"https:\/\/www.museummurten.ch\/fr\/wp-json\/wp\/v2\/comments?post=4187"}],"version-history":[{"count":5,"href":"https:\/\/www.museummurten.ch\/fr\/wp-json\/wp\/v2\/posts\/4187\/revisions"}],"predecessor-version":[{"id":4189,"href":"https:\/\/www.museummurten.ch\/fr\/wp-json\/wp\/v2\/posts\/4187\/revisions\/4189"}],"wp:featuredmedia":[{"embeddable":true,"href":"https:\/\/www.museummurten.ch\/fr\/wp-json\/wp\/v2\/media\/4184"}],"wp:attachment":[{"href":"https:\/\/www.museummurten.ch\/fr\/wp-json\/wp\/v2\/media?parent=4187"}],"wp:term":[{"taxonomy":"category","embeddable":true,"href":"https:\/\/www.museummurten.ch\/fr\/wp-json\/wp\/v2\/categories?post=4187"},{"taxonomy":"post_tag","embeddable":true,"href":"https:\/\/www.museummurten.ch\/fr\/wp-json\/wp\/v2\/tags?post=4187"}],"curies":[{"name":"wp","href":"https:\/\/api.w.org\/{rel}","templated":true}]}}