{"id":4251,"date":"2018-03-12T09:40:45","date_gmt":"2018-03-12T08:40:45","guid":{"rendered":"http:\/\/www.museummurten.ch\/?p=4251"},"modified":"2018-03-12T09:40:45","modified_gmt":"2018-03-12T08:40:45","slug":"18-mars-31-mai-2018-catherine-liechti-entretemps","status":"publish","type":"post","link":"https:\/\/www.museummurten.ch\/fr\/2018\/03\/18-mars-31-mai-2018-catherine-liechti-entretemps\/","title":{"rendered":"18 mars &#8211; 31 mai 2018 | Catherine Liechti \u00ab\u00a0(Entretemps)\u00a0\u00bb"},"content":{"rendered":"<p>A travers ses diff\u00e9rentes \u0153uvres, Catherine Liechti nous invite \u00e0 nous pencher sur des instants interm\u00e9diaires, ces p\u00e9riodes de vie qui tant\u00f4t nous \u00e9chappent et tant\u00f4t nous rattrapent. Le temps qui passe et qui imprime ses souvenirs. Une barque \u00e9voquant des esp\u00e9rances lointaines et fragmentaires, des lettres red\u00e9couvertes, r\u00e9v\u00e9l\u00e9es sur le verre. Des pr\u00e9sences insaisissables qui semblent s\u2019exprimer.<\/p>\n<p>En explorant le potentiel symbolique et \u00e9motionnel d\u2019objets oubli\u00e9s, l\u2019artiste pose un regard sensible sur des moments qui s\u2019\u00e9tiolent et se reconstruisent, qui parfois ressurgissent et que l\u2019on per\u00e7oit diff\u00e9remment, entre douce amn\u00e9sie et v\u00e9rit\u00e9s impr\u00e9gn\u00e9es. Des parenth\u00e8ses suspendues entre deux temps\u2026<\/p>\n<p>Catherine Liechti vit et travaille \u00e0 Fribourg. Elle expose r\u00e9guli\u00e8rement en Suisse et \u00e0 l\u2019\u00e9tranger. En 2017, elle a notamment particip\u00e9 \u00e0 la 10<sup>\u00e8me<\/sup> Biennale Internationale de Cheongju, en Cor\u00e9e du Sud, et en 2015 \u00e0 Kunst15, Art Fair, \u00e0 Z\u00fcrich.<\/p>\n","protected":false},"excerpt":{"rendered":"<p>A travers ses diff\u00e9rentes \u0153uvres, Catherine Liechti nous invite \u00e0 nous pencher sur des instants interm\u00e9diaires, ces p\u00e9riodes de vie qui tant\u00f4t nous \u00e9chappent et tant\u00f4t nous rattrapent. Le temps qui passe et qui imprime ses souvenirs. Une barque \u00e9voquant des esp\u00e9rances lointaines et fragmentaires, des lettres red\u00e9couvertes, r\u00e9v\u00e9l\u00e9es sur le verre. Des pr\u00e9sences insaisissables [&hellip;]<\/p>\n","protected":false},"author":2,"featured_media":4239,"comment_status":"closed","ping_status":"closed","sticky":false,"template":"","format":"standard","meta":{"footnotes":""},"categories":[24],"tags":[],"class_list":["post-4251","post","type-post","status-publish","format-standard","has-post-thumbnail","hentry","category-temporaire-2"],"_links":{"self":[{"href":"https:\/\/www.museummurten.ch\/fr\/wp-json\/wp\/v2\/posts\/4251","targetHints":{"allow":["GET"]}}],"collection":[{"href":"https:\/\/www.museummurten.ch\/fr\/wp-json\/wp\/v2\/posts"}],"about":[{"href":"https:\/\/www.museummurten.ch\/fr\/wp-json\/wp\/v2\/types\/post"}],"author":[{"embeddable":true,"href":"https:\/\/www.museummurten.ch\/fr\/wp-json\/wp\/v2\/users\/2"}],"replies":[{"embeddable":true,"href":"https:\/\/www.museummurten.ch\/fr\/wp-json\/wp\/v2\/comments?post=4251"}],"version-history":[{"count":2,"href":"https:\/\/www.museummurten.ch\/fr\/wp-json\/wp\/v2\/posts\/4251\/revisions"}],"predecessor-version":[{"id":4253,"href":"https:\/\/www.museummurten.ch\/fr\/wp-json\/wp\/v2\/posts\/4251\/revisions\/4253"}],"wp:featuredmedia":[{"embeddable":true,"href":"https:\/\/www.museummurten.ch\/fr\/wp-json\/wp\/v2\/media\/4239"}],"wp:attachment":[{"href":"https:\/\/www.museummurten.ch\/fr\/wp-json\/wp\/v2\/media?parent=4251"}],"wp:term":[{"taxonomy":"category","embeddable":true,"href":"https:\/\/www.museummurten.ch\/fr\/wp-json\/wp\/v2\/categories?post=4251"},{"taxonomy":"post_tag","embeddable":true,"href":"https:\/\/www.museummurten.ch\/fr\/wp-json\/wp\/v2\/tags?post=4251"}],"curies":[{"name":"wp","href":"https:\/\/api.w.org\/{rel}","templated":true}]}}