{"id":4372,"date":"2018-06-06T17:37:33","date_gmt":"2018-06-06T16:37:33","guid":{"rendered":"http:\/\/www.museummurten.ch\/?p=4372"},"modified":"2018-06-08T13:43:50","modified_gmt":"2018-06-08T12:43:50","slug":"10-juin-7-octobre-2018-2m2","status":"publish","type":"post","link":"https:\/\/www.museummurten.ch\/fr\/2018\/06\/10-juin-7-octobre-2018-2m2\/","title":{"rendered":"10 juin &#8211; 7 octobre 2018 | 2m2"},"content":{"rendered":"<p>L\u2019id\u00e9e de lancer un nouvel \u00e9v\u00e9nement r\u00e9unissant des photographes fribourgeois autour d\u2019une exposition et d\u2019un catalogue a fait son chemin ces derni\u00e8res ann\u00e9es dans le canton et a germ\u00e9 petit \u00e0 petit. Apr\u00e8s plusieurs s\u00e9ances et discussions, le projet 2m<sup>2<\/sup> est n\u00e9.<\/p>\n<p>Le 11 novembre 2017, 22 photographes ont eu 24 heures pour effectuer leur\/s prise\/s de vue\/s. Tous ont eu 2m<sup>2<\/sup> \u00e0 disposition dans le mus\u00e9e pour pr\u00e9senter leur\/s image\/s et \u00e9crire la lumi\u00e8re d\u2019un jour.<\/p>\n<p>&nbsp;<\/p>\n<p>Corinne Aeberhard, Anne-Sophie Aeby, Nicolas Brodard, Maud Chablais, Julien Chavaillaz, Diane Deschenaux, Christophe Dutoit, Aldo Ellena, Charles Ellena, Luca Etter, Emmanuel Gavillet, Elise Heuberger, Christophe Maradan, Pierre-Yves Massot, Sandra Mumprecht, Jo\u00ebl Overney, Francesco Ragusa, Charly Rappo, Nicolas Repond, Romano Riedo, M\u00e9lanie Rouiller, Alain Wicht.<\/p>\n<p>&nbsp;<\/p>\n<p>&nbsp;<\/p>\n<p><strong>Programme des activit\u00e9s <\/strong><\/p>\n<p>9 juin 2018, 18 heures\u00a0: Vernissage<\/p>\n<p>6 septembre 2018, 19 heures : Visite guid\u00e9e de l\u2019exposition temporaire <em>\u00ab2m<sup>2<\/sup>\u00bb<\/em>.<\/p>\n<p>8 septembre 2018, 16h30 : Table ronde\u00a0: La photographie fribourgeoise existe-t-elle\u00a0? Avec Philippe Trinchan (Chef du service de la culture du canton de Fribourg), Claudio Fedrigo (Responsable des documents iconographiques de la Biblioth\u00e8que cantonale et universitaire de Fribourg), Luca Delachaux (Pr\u00e9sident de l\u2019Union Suisse des Photographes Professionnels).<\/p>\n<p>8 septembre 2018, 18h30\u00a0: Remise du prix du public avec le soutien de la Mobili\u00e8re, Agence g\u00e9n\u00e9rale de Morat.<\/p>\n<p>28 septembre, 20 heures\u00a0: Visite guid\u00e9e de l\u2019exposition temporaire <em>\u00ab2m<sup>2<\/sup>\u00bb<\/em> \u00e0 la lampe de poche. (bilingue)<\/p>\n<p>&nbsp;<\/p>\n<p>Visites guid\u00e9es possibles sur demande\u00a0!<\/p>\n<p>&nbsp;<\/p>\n<p><strong>M\u00e9diation culturelle pour les \u00e9coles\u00a0<\/strong><\/p>\n<p>Du 10 juin au 7 octobre 2018\u00a0: Visites guid\u00e9es pour les classes de cycle 3 sur demande (allemand, fran\u00e7ais ou bilingue).<\/p>\n<p>Du 24 au 28 septembre 2018\u00a0: Semaine de la photographie\u00a0: Atelier \u00ab\u00a0cr\u00e9ation de photographies\u00a0\u00bb pour les classes de cycle 3.<\/p>\n<p>Avec le soutien du programme Culture et Ecole de l\u2019Etat de Fribourg et de ses partenaires la BCF, la Loterie Romande et les TPF.<\/p>\n","protected":false},"excerpt":{"rendered":"<p>L\u2019id\u00e9e de lancer un nouvel \u00e9v\u00e9nement r\u00e9unissant des photographes fribourgeois autour d\u2019une exposition et d\u2019un catalogue a fait son chemin ces derni\u00e8res ann\u00e9es dans le canton et a germ\u00e9 petit \u00e0 petit. Apr\u00e8s plusieurs s\u00e9ances et discussions, le projet 2m2 est n\u00e9. Le 11 novembre 2017, 22 photographes ont eu 24 heures pour effectuer leur\/s [&hellip;]<\/p>\n","protected":false},"author":2,"featured_media":4376,"comment_status":"closed","ping_status":"closed","sticky":false,"template":"","format":"standard","meta":{"footnotes":""},"categories":[24],"tags":[],"class_list":["post-4372","post","type-post","status-publish","format-standard","has-post-thumbnail","hentry","category-temporaire-2"],"_links":{"self":[{"href":"https:\/\/www.museummurten.ch\/fr\/wp-json\/wp\/v2\/posts\/4372","targetHints":{"allow":["GET"]}}],"collection":[{"href":"https:\/\/www.museummurten.ch\/fr\/wp-json\/wp\/v2\/posts"}],"about":[{"href":"https:\/\/www.museummurten.ch\/fr\/wp-json\/wp\/v2\/types\/post"}],"author":[{"embeddable":true,"href":"https:\/\/www.museummurten.ch\/fr\/wp-json\/wp\/v2\/users\/2"}],"replies":[{"embeddable":true,"href":"https:\/\/www.museummurten.ch\/fr\/wp-json\/wp\/v2\/comments?post=4372"}],"version-history":[{"count":1,"href":"https:\/\/www.museummurten.ch\/fr\/wp-json\/wp\/v2\/posts\/4372\/revisions"}],"predecessor-version":[{"id":4373,"href":"https:\/\/www.museummurten.ch\/fr\/wp-json\/wp\/v2\/posts\/4372\/revisions\/4373"}],"wp:featuredmedia":[{"embeddable":true,"href":"https:\/\/www.museummurten.ch\/fr\/wp-json\/wp\/v2\/media\/4376"}],"wp:attachment":[{"href":"https:\/\/www.museummurten.ch\/fr\/wp-json\/wp\/v2\/media?parent=4372"}],"wp:term":[{"taxonomy":"category","embeddable":true,"href":"https:\/\/www.museummurten.ch\/fr\/wp-json\/wp\/v2\/categories?post=4372"},{"taxonomy":"post_tag","embeddable":true,"href":"https:\/\/www.museummurten.ch\/fr\/wp-json\/wp\/v2\/tags?post=4372"}],"curies":[{"name":"wp","href":"https:\/\/api.w.org\/{rel}","templated":true}]}}