{"id":4624,"date":"2018-10-15T09:34:54","date_gmt":"2018-10-15T08:34:54","guid":{"rendered":"http:\/\/www.museummurten.ch\/?p=4624"},"modified":"2018-10-15T09:39:25","modified_gmt":"2018-10-15T08:39:25","slug":"14-octobre-9-decembre-2018-odile-gauthier-et-ivo-vonlanthen-fluechtig-fugace","status":"publish","type":"post","link":"https:\/\/www.museummurten.ch\/fr\/2018\/10\/14-octobre-9-decembre-2018-odile-gauthier-et-ivo-vonlanthen-fluechtig-fugace\/","title":{"rendered":"14 octobre &#8211; 9 d\u00e9cembre 2018 | Odile Gauthier et Ivo Vonlanthen \u00ab\u00a0Fugace\u00a0\u00bb"},"content":{"rendered":"<p>&nbsp;<\/p>\n<p>Fugace ? Un mot pour \u00e9voquer un geste rapide, un trac\u00e9 vif, ac\u00e9r\u00e9 ou ondoyant, des lumi\u00e8res changeantes, des foisonnements, des bruissements de vie\u2026<\/p>\n<p>Un mot qui met en \u00e9vidence le contraste entre le caract\u00e8re provisoire et furtif de l\u2019Homme et la volont\u00e9 de conserver ses empreintes de la d\u00e9gradation et de l\u2019oubli impos\u00e9s par le temps qui passe\u2026<\/p>\n<p>L\u2019accrochage propos\u00e9 \u00e0 Morat est volontairement l\u00e9ger, mobile, flottant, fluide, en contrepoint avec le caract\u00e8re permanent et fig\u00e9 des objets pr\u00e9sent\u00e9s dans le mus\u00e9e.<\/p>\n<p>L\u2019exposition offre aux visiteurs un dialogue entre deux artistes fribourgeois qui s\u2019inspirent aussi de la po\u00e9sie comme pour mieux poser et capter ces \u00e9tats fugaces, ces instants \u00e9ph\u00e9m\u00e8res parfois difficiles \u00e0 saisir.<\/p>\n<p>Odile Gauthier est n\u00e9e en 1956 \u00e0 Fribourg. Elle vit aujourd\u2019hui en Gruy\u00e8re. Membre de visarte, elle expose r\u00e9guli\u00e8rement depuis 1985. Odile Gauthier travaille principalement sur papier. Suites de monotypes, gravure, dessins au pastel, au graphite ou \u00e0 l\u2019encre sont ses principaux moyens d\u2019expression.<\/p>\n<p>Ivo Vonlanthen est n\u00e9 en 1959 \u00e0 St-Antoine et vit aujourd\u2019hui \u00e0 Fribourg. Il s\u2019est form\u00e9 \u00e0 l\u2019\u00e9cole d\u2019art de Lucerne. Dans son travail qui s\u2019exprime souvent par cycles, il privil\u00e9gie le dessin dans la nature et la peinture. Il a \u00e9galement r\u00e9alis\u00e9 plusieurs \u0153uvres d\u2019art int\u00e9gr\u00e9es \u00e0 l\u2019architecture de b\u00e2timents. Ivo Vonlanthen est lui aussi membre de visarte.<\/p>\n<p>&nbsp;<\/p>\n<p><strong>Manifestations<br \/>\n<\/strong><\/p>\n<p>13 octobre, 18 heures\u00a0: Vernissage<\/p>\n<p>4 novembre, 11 heures\u00a0: Lecture de po\u00e9sie avec C\u00e9line Nidegger et Manuela Luterbacher. (bilingue)<\/p>\n<p>15 novembre, 19 heures : Visite guid\u00e9e de l\u2019exposition \u00ab Fugace \u00bb par Odile Gauthier et Ivo Vonlanthen. (en allemand)<\/p>\n<p>29 novembre, 19 heures\u00a0: Visite guid\u00e9e de l\u2019exposition \u00ab Fugace \u00bb par Odile Gauthier et Ivo Vonlanthen.<\/p>\n<p>9 d\u00e9cembre, 15 heures\u00a0: Finissage en pr\u00e9sence des artistes.<\/p>\n<p>&nbsp;<\/p>\n","protected":false},"excerpt":{"rendered":"<p>&nbsp; Fugace ? Un mot pour \u00e9voquer un geste rapide, un trac\u00e9 vif, ac\u00e9r\u00e9 ou ondoyant, des lumi\u00e8res changeantes, des foisonnements, des bruissements de vie\u2026 Un mot qui met en \u00e9vidence le contraste entre le caract\u00e8re provisoire et furtif de l\u2019Homme et la volont\u00e9 de conserver ses empreintes de la d\u00e9gradation et de l\u2019oubli impos\u00e9s [&hellip;]<\/p>\n","protected":false},"author":2,"featured_media":4590,"comment_status":"closed","ping_status":"closed","sticky":false,"template":"","format":"standard","meta":{"footnotes":""},"categories":[24],"tags":[],"class_list":["post-4624","post","type-post","status-publish","format-standard","has-post-thumbnail","hentry","category-temporaire-2"],"_links":{"self":[{"href":"https:\/\/www.museummurten.ch\/fr\/wp-json\/wp\/v2\/posts\/4624","targetHints":{"allow":["GET"]}}],"collection":[{"href":"https:\/\/www.museummurten.ch\/fr\/wp-json\/wp\/v2\/posts"}],"about":[{"href":"https:\/\/www.museummurten.ch\/fr\/wp-json\/wp\/v2\/types\/post"}],"author":[{"embeddable":true,"href":"https:\/\/www.museummurten.ch\/fr\/wp-json\/wp\/v2\/users\/2"}],"replies":[{"embeddable":true,"href":"https:\/\/www.museummurten.ch\/fr\/wp-json\/wp\/v2\/comments?post=4624"}],"version-history":[{"count":6,"href":"https:\/\/www.museummurten.ch\/fr\/wp-json\/wp\/v2\/posts\/4624\/revisions"}],"predecessor-version":[{"id":4626,"href":"https:\/\/www.museummurten.ch\/fr\/wp-json\/wp\/v2\/posts\/4624\/revisions\/4626"}],"wp:featuredmedia":[{"embeddable":true,"href":"https:\/\/www.museummurten.ch\/fr\/wp-json\/wp\/v2\/media\/4590"}],"wp:attachment":[{"href":"https:\/\/www.museummurten.ch\/fr\/wp-json\/wp\/v2\/media?parent=4624"}],"wp:term":[{"taxonomy":"category","embeddable":true,"href":"https:\/\/www.museummurten.ch\/fr\/wp-json\/wp\/v2\/categories?post=4624"},{"taxonomy":"post_tag","embeddable":true,"href":"https:\/\/www.museummurten.ch\/fr\/wp-json\/wp\/v2\/tags?post=4624"}],"curies":[{"name":"wp","href":"https:\/\/api.w.org\/{rel}","templated":true}]}}