{"id":4815,"date":"2019-03-10T15:42:37","date_gmt":"2019-03-10T14:42:37","guid":{"rendered":"http:\/\/www.museummurten.ch\/?p=4815"},"modified":"2019-03-10T15:42:37","modified_gmt":"2019-03-10T14:42:37","slug":"17-mars-31-mai-2019-jean-pierre-humbert-rechauffement-esthetique","status":"publish","type":"post","link":"https:\/\/www.museummurten.ch\/fr\/2019\/03\/17-mars-31-mai-2019-jean-pierre-humbert-rechauffement-esthetique\/","title":{"rendered":"17 mars &#8211; 31 mai 2019 | Jean-Pierre Humbert \u00ab\u00a0R\u00e9chauffement esth\u00e9tique\u00a0\u00bb"},"content":{"rendered":"<p>N\u00e9 en 1947, Jean-Pierre Humbert vit actuellement \u00e0 Fribourg.<\/p>\n<p>Depuis plus de cinquante ans, il se consacre \u00e0 la cr\u00e9ation et \u00e0 la promotion artistique.<\/p>\n<p>Dessin, peinture, gravure, lithographie, s\u00e9rigraphie, vitrail, mosa\u00efque, sculpture, \u00e9criture sont au nombre des vecteurs qui lui ont servi \u00e0 s\u2019exprimer sur ses th\u00e8mes de pr\u00e9dilection, tels que les paysages de villes et de campagnes, les portraits de personnages avec dramaturgie, les mouvements de foules, la nature&#8230;<\/p>\n<p>En 1985, il fonde l\u2019atelier-galerie Contraste. Ce lieu a fonctionn\u00e9 comme atelier d\u2019impression de gravure, de lithographie et de s\u00e9rigraphie jusqu\u2019en 2010, et \u00e9galement comme maison d\u2019\u00e9dition de gravures et de livres. Dans les locaux attenants \u00e0 l\u2019atelier se trouve la galerie o\u00f9 furent organis\u00e9s plus de cent expositions, quelques concerts, un concours international de gravure (1991), un autre d\u2019estampe num\u00e9rique (2014) ainsi que de nombreuses manifestations.<\/p>\n<p>Jean-Pierre Humbert vient de publier une monographie intitul\u00e9e \u00ab\u00a0Anachroniques\u00a0\u00bb, aux \u00e9ditions Contraste. Vue panoramique sur le labyrinthe de sa vie d\u2019aventurier s\u00e9dentaire, cet ouvrage de 256 pages sera le fil conducteur de l\u2019exposition pr\u00e9sent\u00e9e par le Mus\u00e9e de Morat. C\u2019est donc avec un \u0153il riv\u00e9 au r\u00e9troviseur que les visiteurs d\u00e9couvriront aussi l\u2019horizon br\u00fblant des nouvelles cr\u00e9ations de l\u2019artiste.<\/p>\n<p><strong>\u00a0<\/strong><\/p>\n<p><strong>\u00a0<\/strong><\/p>\n<p><strong>\u00a0<\/strong><strong>Manifestations li\u00e9es \u00e0 l\u2019exposition<\/strong>\u00a0:<\/p>\n<p>&nbsp;<\/p>\n<ul>\n<li>Samedi 16 mars, 18 heures\u00a0: Vernissage<\/li>\n<\/ul>\n<p>&nbsp;<\/p>\n<ul>\n<li>Jeudi 4 avril, 19 heures : Visite guid\u00e9e de l\u2019exposition temporaire \u00ab R\u00e9chauffement esth\u00e9tique \u00bb par Jean-Pierre Humbert. (en fran\u00e7ais)<\/li>\n<\/ul>\n<p>&nbsp;<\/p>\n<ul>\n<li>Jeudi 16 mai, 19 heures : Visite guid\u00e9e de l\u2019exposition temporaire \u00ab R\u00e9chauffement esth\u00e9tique \u00bb par Jean-Pierre Humbert. (en allemand)<\/li>\n<\/ul>\n<p>&nbsp;<\/p>\n<ul>\n<li>Vendredi 31 mai, d\u00e8s 15 heures\u00a0: Finissage<\/li>\n<\/ul>\n","protected":false},"excerpt":{"rendered":"<p>N\u00e9 en 1947, Jean-Pierre Humbert vit actuellement \u00e0 Fribourg. Depuis plus de cinquante ans, il se consacre \u00e0 la cr\u00e9ation et \u00e0 la promotion artistique. Dessin, peinture, gravure, lithographie, s\u00e9rigraphie, vitrail, mosa\u00efque, sculpture, \u00e9criture sont au nombre des vecteurs qui lui ont servi \u00e0 s\u2019exprimer sur ses th\u00e8mes de pr\u00e9dilection, tels que les paysages de [&hellip;]<\/p>\n","protected":false},"author":2,"featured_media":4801,"comment_status":"closed","ping_status":"closed","sticky":false,"template":"","format":"standard","meta":{"footnotes":""},"categories":[24],"tags":[],"class_list":["post-4815","post","type-post","status-publish","format-standard","has-post-thumbnail","hentry","category-temporaire-2"],"_links":{"self":[{"href":"https:\/\/www.museummurten.ch\/fr\/wp-json\/wp\/v2\/posts\/4815","targetHints":{"allow":["GET"]}}],"collection":[{"href":"https:\/\/www.museummurten.ch\/fr\/wp-json\/wp\/v2\/posts"}],"about":[{"href":"https:\/\/www.museummurten.ch\/fr\/wp-json\/wp\/v2\/types\/post"}],"author":[{"embeddable":true,"href":"https:\/\/www.museummurten.ch\/fr\/wp-json\/wp\/v2\/users\/2"}],"replies":[{"embeddable":true,"href":"https:\/\/www.museummurten.ch\/fr\/wp-json\/wp\/v2\/comments?post=4815"}],"version-history":[{"count":2,"href":"https:\/\/www.museummurten.ch\/fr\/wp-json\/wp\/v2\/posts\/4815\/revisions"}],"predecessor-version":[{"id":4817,"href":"https:\/\/www.museummurten.ch\/fr\/wp-json\/wp\/v2\/posts\/4815\/revisions\/4817"}],"wp:featuredmedia":[{"embeddable":true,"href":"https:\/\/www.museummurten.ch\/fr\/wp-json\/wp\/v2\/media\/4801"}],"wp:attachment":[{"href":"https:\/\/www.museummurten.ch\/fr\/wp-json\/wp\/v2\/media?parent=4815"}],"wp:term":[{"taxonomy":"category","embeddable":true,"href":"https:\/\/www.museummurten.ch\/fr\/wp-json\/wp\/v2\/categories?post=4815"},{"taxonomy":"post_tag","embeddable":true,"href":"https:\/\/www.museummurten.ch\/fr\/wp-json\/wp\/v2\/tags?post=4815"}],"curies":[{"name":"wp","href":"https:\/\/api.w.org\/{rel}","templated":true}]}}