{"id":6340,"date":"2019-10-09T17:08:03","date_gmt":"2019-10-09T16:08:03","guid":{"rendered":"http:\/\/www.museummurten.ch\/?p=6340"},"modified":"2019-10-09T17:14:42","modified_gmt":"2019-10-09T16:14:42","slug":"13-octobre-8-decembre-2019-sandro-godel-a-lorigine","status":"publish","type":"post","link":"https:\/\/www.museummurten.ch\/fr\/2019\/10\/13-octobre-8-decembre-2019-sandro-godel-a-lorigine\/","title":{"rendered":"13 octobre &#8211; 8 d\u00e9cembre 2019 | Sandro Godel \u00ab\u00a0A l&rsquo;origine\u00a0\u00bb"},"content":{"rendered":"<p>N\u00e9 en 1961 \u00e0 Estavayer-le-Lac, Sandro Godel suit tout d\u2019abord une formation d\u2019\u00e9b\u00e9niste. \u00c0 l\u2019\u00e2ge de 24 ans, il d\u00e9cide de se consacrer totalement \u00e0 la peinture et \u00e0 la gravure. Autodidacte, Sandro Godel a exp\u00e9riment\u00e9 de nombreuses techniques artistiques et s\u2019est pench\u00e9 sur des th\u00e9matiques diverses. Ses s\u00e9jours \u00e0 l\u2019\u00e9tranger (Paris, Berlin, Tokyo, New-York, Nairobi) l\u2019ont \u00e0 chaque fois incit\u00e9 \u00e0 aborder de nouveaux langages artistiques. Membre de Visarte Fribourg, il expose r\u00e9guli\u00e8rement, depuis 1986.<\/p>\n<p>L\u2019exposition pr\u00e9sent\u00e9e au Mus\u00e9e de Morat n\u2019est pas une r\u00e9trospective. \u00ab \u00c0 l\u2019origine\u00a0\u00bb illustre un temps de r\u00e9flexion et \u00e9voque la relation intime que l\u2019artiste a avec l\u2019abstraction et la figuration. M\u00eame si le corpus de Sandro Godel semble largement non-figuratif au premier regard, il r\u00e9v\u00e8le n\u00e9anmoins une profonde et puissante unit\u00e9 dans le geste, dans l\u2019\u00e9motion\u2026<\/p>\n<p>&nbsp;<\/p>\n<p>Manifestations\u00a0:<\/p>\n<p>12 octobre, 18 heures : Vernissage (Accompagnement Musical: Mnemusik)<\/p>\n<p>14 novembre, 19 heures\u00a0: Visite guid\u00e9e de l\u2019exposition par Sandro Godel (en fran\u00e7ais)<\/p>\n<p>28 novembre, 19 heures\u00a0: Visite guid\u00e9e de l\u2019exposition par Sandro Godel (en allemand)<\/p>\n<p>&nbsp;<\/p>\n<p>&nbsp;<\/p>\n","protected":false},"excerpt":{"rendered":"<p>N\u00e9 en 1961 \u00e0 Estavayer-le-Lac, Sandro Godel suit tout d\u2019abord une formation d\u2019\u00e9b\u00e9niste. \u00c0 l\u2019\u00e2ge de 24 ans, il d\u00e9cide de se consacrer totalement \u00e0 la peinture et \u00e0 la gravure. Autodidacte, Sandro Godel a exp\u00e9riment\u00e9 de nombreuses techniques artistiques et s\u2019est pench\u00e9 sur des th\u00e9matiques diverses. Ses s\u00e9jours \u00e0 l\u2019\u00e9tranger (Paris, Berlin, Tokyo, New-York, [&hellip;]<\/p>\n","protected":false},"author":2,"featured_media":6331,"comment_status":"closed","ping_status":"closed","sticky":false,"template":"","format":"standard","meta":{"footnotes":""},"categories":[24],"tags":[],"class_list":["post-6340","post","type-post","status-publish","format-standard","has-post-thumbnail","hentry","category-temporaire-2"],"_links":{"self":[{"href":"https:\/\/www.museummurten.ch\/fr\/wp-json\/wp\/v2\/posts\/6340","targetHints":{"allow":["GET"]}}],"collection":[{"href":"https:\/\/www.museummurten.ch\/fr\/wp-json\/wp\/v2\/posts"}],"about":[{"href":"https:\/\/www.museummurten.ch\/fr\/wp-json\/wp\/v2\/types\/post"}],"author":[{"embeddable":true,"href":"https:\/\/www.museummurten.ch\/fr\/wp-json\/wp\/v2\/users\/2"}],"replies":[{"embeddable":true,"href":"https:\/\/www.museummurten.ch\/fr\/wp-json\/wp\/v2\/comments?post=6340"}],"version-history":[{"count":3,"href":"https:\/\/www.museummurten.ch\/fr\/wp-json\/wp\/v2\/posts\/6340\/revisions"}],"predecessor-version":[{"id":6342,"href":"https:\/\/www.museummurten.ch\/fr\/wp-json\/wp\/v2\/posts\/6340\/revisions\/6342"}],"wp:featuredmedia":[{"embeddable":true,"href":"https:\/\/www.museummurten.ch\/fr\/wp-json\/wp\/v2\/media\/6331"}],"wp:attachment":[{"href":"https:\/\/www.museummurten.ch\/fr\/wp-json\/wp\/v2\/media?parent=6340"}],"wp:term":[{"taxonomy":"category","embeddable":true,"href":"https:\/\/www.museummurten.ch\/fr\/wp-json\/wp\/v2\/categories?post=6340"},{"taxonomy":"post_tag","embeddable":true,"href":"https:\/\/www.museummurten.ch\/fr\/wp-json\/wp\/v2\/tags?post=6340"}],"curies":[{"name":"wp","href":"https:\/\/api.w.org\/{rel}","templated":true}]}}