{"id":6527,"date":"2019-12-10T17:12:29","date_gmt":"2019-12-10T16:12:29","guid":{"rendered":"http:\/\/www.museummurten.ch\/2019\/12\/15-maerz-31-mai-%e2%94%82olivier-zappelli\/"},"modified":"2020-12-08T18:24:31","modified_gmt":"2020-12-08T17:24:31","slug":"6-sept-13-dezember-%e2%94%82romano-riedo","status":"publish","type":"post","link":"https:\/\/www.museummurten.ch\/fr\/2019\/12\/6-sept-13-dezember-%e2%94%82romano-riedo\/","title":{"rendered":"5 september &#8211; 13 d\u00e9cembre 2020 \u2502Romano Riedo"},"content":{"rendered":"<p><strong>ROUVRIR ET PROLONGER LE PLAISIR <\/strong><\/p>\n<p>L&rsquo;exposition \u00ab\u00a0Romano Riedo. Ici\u2502L\u00e0-bas\u00a0\u00bb est prolong\u00e9e jusqu&rsquo;au 20 d\u00e9cembre 2020.<\/p>\n<p>Pour c\u00e9l\u00e9brer le finissage, nous organiserons deux journ\u00e9es sp\u00e9ciales, les 19 et 20 d\u00e9cembre. L\u2019entr\u00e9e sera gratuite, les horaires \u00e9largis (sa: 10-17h, di: 10-18h). L\u2019occasion de se faire plaisir en toute s\u00e9curit\u00e9 et d\u2019acqu\u00e9rir une belle photographie.\u00a0Venez soutenir l\u2019artiste et le mus\u00e9e!<\/p>\n<p>***************************************<\/p>\n<p>Dans le cadre de l&rsquo;exposition \u00ab\u00a0Ici\u2502L\u00e0-bas\u00a0\u00bb , le Mus\u00e9e de Morat pr\u00e9sente de nombreuses photographies ayant trait au voyage et au tourisme.<\/p>\n<p>L&rsquo;artiste a r\u00e9alis\u00e9 un reportage photographique in\u00e9dit et sp\u00e9cifique aux pratiques touristiques dans la r\u00e9gion des Trois-Lacs.<\/p>\n<p>Romano Riedo vit et travaille \u00e0 Fribourg. Passionn\u00e9 de noir et blanc, il a montr\u00e9 ses cr\u00e9ations dans de nombreuses expositions personnelles ou collectives. En 2014, il a re\u00e7u le Swiss Press Photo Award dans la cat\u00e9gorie reportage.<\/p>\n<p>Un ouvrage de photographies accompagne l&rsquo;exposition.<\/p>\n<p>Programme complet (PDF) : <a href=\"https:\/\/www.museummurten.ch\/wp-content\/uploads\/2019\/12\/mm_broch_riedo_print.pdf\">mm_broch_riedo_print<\/a><\/p>\n","protected":false},"excerpt":{"rendered":"<p>ROUVRIR ET PROLONGER LE PLAISIR L&rsquo;exposition \u00ab\u00a0Romano Riedo. Ici\u2502L\u00e0-bas\u00a0\u00bb est prolong\u00e9e jusqu&rsquo;au 20 d\u00e9cembre 2020. Pour c\u00e9l\u00e9brer le finissage, nous organiserons deux journ\u00e9es sp\u00e9ciales, les 19 et 20 d\u00e9cembre. L\u2019entr\u00e9e sera gratuite, les horaires \u00e9largis (sa: 10-17h, di: 10-18h). L\u2019occasion de se faire plaisir en toute s\u00e9curit\u00e9 et d\u2019acqu\u00e9rir une belle photographie.\u00a0Venez soutenir l\u2019artiste et [&hellip;]<\/p>\n","protected":false},"author":2,"featured_media":7004,"comment_status":"closed","ping_status":"closed","sticky":false,"template":"","format":"standard","meta":{"footnotes":""},"categories":[24],"tags":[],"class_list":["post-6527","post","type-post","status-publish","format-standard","has-post-thumbnail","hentry","category-temporaire-2"],"_links":{"self":[{"href":"https:\/\/www.museummurten.ch\/fr\/wp-json\/wp\/v2\/posts\/6527","targetHints":{"allow":["GET"]}}],"collection":[{"href":"https:\/\/www.museummurten.ch\/fr\/wp-json\/wp\/v2\/posts"}],"about":[{"href":"https:\/\/www.museummurten.ch\/fr\/wp-json\/wp\/v2\/types\/post"}],"author":[{"embeddable":true,"href":"https:\/\/www.museummurten.ch\/fr\/wp-json\/wp\/v2\/users\/2"}],"replies":[{"embeddable":true,"href":"https:\/\/www.museummurten.ch\/fr\/wp-json\/wp\/v2\/comments?post=6527"}],"version-history":[{"count":13,"href":"https:\/\/www.museummurten.ch\/fr\/wp-json\/wp\/v2\/posts\/6527\/revisions"}],"predecessor-version":[{"id":7414,"href":"https:\/\/www.museummurten.ch\/fr\/wp-json\/wp\/v2\/posts\/6527\/revisions\/7414"}],"wp:featuredmedia":[{"embeddable":true,"href":"https:\/\/www.museummurten.ch\/fr\/wp-json\/wp\/v2\/media\/7004"}],"wp:attachment":[{"href":"https:\/\/www.museummurten.ch\/fr\/wp-json\/wp\/v2\/media?parent=6527"}],"wp:term":[{"taxonomy":"category","embeddable":true,"href":"https:\/\/www.museummurten.ch\/fr\/wp-json\/wp\/v2\/categories?post=6527"},{"taxonomy":"post_tag","embeddable":true,"href":"https:\/\/www.museummurten.ch\/fr\/wp-json\/wp\/v2\/tags?post=6527"}],"curies":[{"name":"wp","href":"https:\/\/api.w.org\/{rel}","templated":true}]}}