{"id":7387,"date":"2021-03-01T17:09:54","date_gmt":"2021-03-01T16:09:54","guid":{"rendered":"http:\/\/www.museummurten.ch\/?p=7387"},"modified":"2021-03-01T18:10:39","modified_gmt":"2021-03-01T17:10:39","slug":"murten-leuchtet","status":"publish","type":"post","link":"https:\/\/www.museummurten.ch\/fr\/2021\/03\/murten-leuchtet\/","title":{"rendered":"Morat s&rsquo;illumine!"},"content":{"rendered":"<p><strong>Balade des Lumi\u00e8res (3 &#8211; 28 mars)<\/strong><\/p>\n<p>Le Festival des Lumi\u00e8res de Morat n\u2019aura pas lieu cette ann\u00e9e. La lumi\u00e8re ne s\u2019\u00e9teindra cependant pas pour autant. Elle prendra simplement cette ann\u00e9e une forme in\u00e9dite. Le comit\u00e9 d\u2019organisation a \u00e9tudi\u00e9 en d\u00e9tail les d\u00e9fis li\u00e9s \u00e0 cette ann\u00e9e particuli\u00e8re et a mis un programme alternatif.<\/p>\n<p>5 arteplages peuvent \u00eatre exp\u00e9riment\u00e9es au sein du mus\u00e9e:<\/p>\n<ul>\n<li>Candel&rsquo;Ens (Atelier BMP); Explorer (Encor Studio); Zerst\u00f6rter Lichtfluss (Simon Berger); Hallali (Muriel Zeender); Future Seed (eikon \/ Acousmatik.land). Plus d&rsquo;informations sur la page de <a href=\"https:\/\/www.murtenleuchtet.ch\/programm-rundgang\">Murten leuchtet!<\/a><\/li>\n<\/ul>\n<p>Informations pratiques :<\/p>\n<ul>\n<li>L&rsquo;exposition au Mus\u00e9e a lieu du 3 au 28 mars 2021, du mercredi au dimanche entre 17:30 et 22:30.<\/li>\n<li>Les entr\u00e9es doivent \u00eatre reserv\u00e9es en ligne. Lien direct vers la <a href=\"https:\/\/murten-tourismus.trekksoft.com\/fr\/activity\/298474\/depart-depuis-le-musee-balade-des-lumieres-ticket-dentree-2021\">billetterie<\/a>.<\/li>\n<li>Afin de contr\u00f4ler le nombre de visiteurs, un syst\u00e8me de slots a \u00e9t\u00e9 mis en place. Chaque groupe est compos\u00e9 de 5 personnes au maximum. D\u00e9part toutes les 5 minutes.<\/li>\n<li>Compte tenu de l&rsquo;offre limit\u00e9e, il est conseill\u00e9 de r\u00e9server ses billets assez \u00e0 l&rsquo;avance, notamment pour les vendredis et samedis.<\/li>\n<\/ul>\n<p>Prendre soin de soi et des autres : <a href=\"https:\/\/www.museummurten.ch\/wp-content\/uploads\/2020\/05\/Plan-de-protection-2021.pdf\">Plan de protection 2021<\/a><\/p>\n","protected":false},"excerpt":{"rendered":"<p>Balade des Lumi\u00e8res (3 &#8211; 28 mars) Le Festival des Lumi\u00e8res de Morat n\u2019aura pas lieu cette ann\u00e9e. La lumi\u00e8re ne s\u2019\u00e9teindra cependant pas pour autant. Elle prendra simplement cette ann\u00e9e une forme in\u00e9dite. Le comit\u00e9 d\u2019organisation a \u00e9tudi\u00e9 en d\u00e9tail les d\u00e9fis li\u00e9s \u00e0 cette ann\u00e9e particuli\u00e8re et a mis un programme alternatif. 5 [&hellip;]<\/p>\n","protected":false},"author":2,"featured_media":7350,"comment_status":"closed","ping_status":"closed","sticky":false,"template":"","format":"standard","meta":{"footnotes":""},"categories":[16,24],"tags":[],"class_list":["post-7387","post","type-post","status-publish","format-standard","has-post-thumbnail","hentry","category-non-classifiee","category-temporaire-2"],"_links":{"self":[{"href":"https:\/\/www.museummurten.ch\/fr\/wp-json\/wp\/v2\/posts\/7387","targetHints":{"allow":["GET"]}}],"collection":[{"href":"https:\/\/www.museummurten.ch\/fr\/wp-json\/wp\/v2\/posts"}],"about":[{"href":"https:\/\/www.museummurten.ch\/fr\/wp-json\/wp\/v2\/types\/post"}],"author":[{"embeddable":true,"href":"https:\/\/www.museummurten.ch\/fr\/wp-json\/wp\/v2\/users\/2"}],"replies":[{"embeddable":true,"href":"https:\/\/www.museummurten.ch\/fr\/wp-json\/wp\/v2\/comments?post=7387"}],"version-history":[{"count":5,"href":"https:\/\/www.museummurten.ch\/fr\/wp-json\/wp\/v2\/posts\/7387\/revisions"}],"predecessor-version":[{"id":7389,"href":"https:\/\/www.museummurten.ch\/fr\/wp-json\/wp\/v2\/posts\/7387\/revisions\/7389"}],"wp:featuredmedia":[{"embeddable":true,"href":"https:\/\/www.museummurten.ch\/fr\/wp-json\/wp\/v2\/media\/7350"}],"wp:attachment":[{"href":"https:\/\/www.museummurten.ch\/fr\/wp-json\/wp\/v2\/media?parent=7387"}],"wp:term":[{"taxonomy":"category","embeddable":true,"href":"https:\/\/www.museummurten.ch\/fr\/wp-json\/wp\/v2\/categories?post=7387"},{"taxonomy":"post_tag","embeddable":true,"href":"https:\/\/www.museummurten.ch\/fr\/wp-json\/wp\/v2\/tags?post=7387"}],"curies":[{"name":"wp","href":"https:\/\/api.w.org\/{rel}","templated":true}]}}