{"id":7420,"date":"2021-04-05T21:25:01","date_gmt":"2021-04-05T20:25:01","guid":{"rendered":"http:\/\/www.museummurten.ch\/?p=7420"},"modified":"2021-04-22T14:22:29","modified_gmt":"2021-04-22T13:22:29","slug":"6-avril-27-juin-2021-adrian-scherzinger-le-souffle-du-temps","status":"publish","type":"post","link":"https:\/\/www.museummurten.ch\/fr\/2021\/04\/6-avril-27-juin-2021-adrian-scherzinger-le-souffle-du-temps\/","title":{"rendered":"6 avril &#8211; 27 juin 2021 | Adrian Scherzinger. Le souffle du temps"},"content":{"rendered":"<p>Qu\u2019est-ce que le temps pour un artiste ? Une mesure, une notion, un th\u00e8me\u2026 \u00c0 chacun sa perception, son image. Quelle qu\u2019elle soit, et quelque forme qu\u2019elle adopte, elle s\u2019av\u00e8re difficile \u00e0 repr\u00e9senter dans les arts visuels. Pour autant, Adrian Scherzinger est parvenu \u00e0 relever ce d\u00e9fi technique en explorant le champ de la photographie a\u00e9rienne.<\/p>\n<p>De Morat aux environs de Berne, il a immortalis\u00e9, \u00e0 l\u2019aide d\u2019un drone, le contraste entre les environnements b\u00e2tis et les territoires naturels, avec un int\u00e9r\u00eat particulier pour les levers et couchers de soleil dans la brume. Soigneusement compos\u00e9es, ses images font ressentir l\u2019espace qui s\u2019enfonce dans le temps. Elles nous invitent ainsi \u00e0 la r\u00eaverie, en donnant \u00e0 voir des atmosph\u00e8res contrast\u00e9es, douces, l\u00e9g\u00e8res ou denses. Bien plus que le point de vue, c\u2019est l\u2019exp\u00e9rience du temps dans les nuages qui fait l\u2019originalit\u00e9 de ce travail photographique.<\/p>\n<p>N\u00e9 \u00e0 Morat en 1976, Adrian Scherzinger a \u00e9tudi\u00e9 la g\u00e9ographie \u00e0 l\u2019Universit\u00e9 de Berne, avant d\u2019exercer le m\u00e9tier de m\u00e9t\u00e9orologue. En 2005, il fonde l\u2019entreprise \u00ab edprojects \u00bb qui r\u00e9alise des films sur mesure et d\u2019autres oeuvres d\u2019arts m\u00e9diatiques. En tant que sp\u00e9cialiste du mapping, il a particip\u00e9 \u00e0 plusieurs reprises au Festival des Lumi\u00e8res de Morat.<\/p>\n<p><a href=\"http:\/\/www.museummurten.ch\/wp-content\/uploads\/2021\/04\/mm_broch_scherzinger.pdf\">D\u00e9pliant de l&rsquo;exposition (PDF)<\/a><\/p>\n<p><strong>MANIFESTATIONS :<\/strong><br \/>\n7 mai, 19 heures : Visite guid\u00e9e de l\u2019exposition temporaire par Adrian Scherzinger (en fran\u00e7ais)<br \/>\n30 mai, d\u00e8s 14 heures : journ\u00e9e festive<br \/>\n10 juin, 19 heures : Visite guid\u00e9e de l\u2019exposition temporaire par Adrian Scherzinger (en allemand)<\/p>\n","protected":false},"excerpt":{"rendered":"<p>Qu\u2019est-ce que le temps pour un artiste ? Une mesure, une notion, un th\u00e8me\u2026 \u00c0 chacun sa perception, son image. Quelle qu\u2019elle soit, et quelque forme qu\u2019elle adopte, elle s\u2019av\u00e8re difficile \u00e0 repr\u00e9senter dans les arts visuels. Pour autant, Adrian Scherzinger est parvenu \u00e0 relever ce d\u00e9fi technique en explorant le champ de la photographie [&hellip;]<\/p>\n","protected":false},"author":2,"featured_media":7400,"comment_status":"closed","ping_status":"closed","sticky":false,"template":"","format":"standard","meta":{"footnotes":""},"categories":[24],"tags":[],"class_list":["post-7420","post","type-post","status-publish","format-standard","has-post-thumbnail","hentry","category-temporaire-2"],"_links":{"self":[{"href":"https:\/\/www.museummurten.ch\/fr\/wp-json\/wp\/v2\/posts\/7420","targetHints":{"allow":["GET"]}}],"collection":[{"href":"https:\/\/www.museummurten.ch\/fr\/wp-json\/wp\/v2\/posts"}],"about":[{"href":"https:\/\/www.museummurten.ch\/fr\/wp-json\/wp\/v2\/types\/post"}],"author":[{"embeddable":true,"href":"https:\/\/www.museummurten.ch\/fr\/wp-json\/wp\/v2\/users\/2"}],"replies":[{"embeddable":true,"href":"https:\/\/www.museummurten.ch\/fr\/wp-json\/wp\/v2\/comments?post=7420"}],"version-history":[{"count":3,"href":"https:\/\/www.museummurten.ch\/fr\/wp-json\/wp\/v2\/posts\/7420\/revisions"}],"predecessor-version":[{"id":7430,"href":"https:\/\/www.museummurten.ch\/fr\/wp-json\/wp\/v2\/posts\/7420\/revisions\/7430"}],"wp:featuredmedia":[{"embeddable":true,"href":"https:\/\/www.museummurten.ch\/fr\/wp-json\/wp\/v2\/media\/7400"}],"wp:attachment":[{"href":"https:\/\/www.museummurten.ch\/fr\/wp-json\/wp\/v2\/media?parent=7420"}],"wp:term":[{"taxonomy":"category","embeddable":true,"href":"https:\/\/www.museummurten.ch\/fr\/wp-json\/wp\/v2\/categories?post=7420"},{"taxonomy":"post_tag","embeddable":true,"href":"https:\/\/www.museummurten.ch\/fr\/wp-json\/wp\/v2\/tags?post=7420"}],"curies":[{"name":"wp","href":"https:\/\/api.w.org\/{rel}","templated":true}]}}