{"id":7474,"date":"2021-07-05T09:12:38","date_gmt":"2021-07-05T08:12:38","guid":{"rendered":"https:\/\/www.museummurten.ch\/?p=7474"},"modified":"2021-07-05T09:12:38","modified_gmt":"2021-07-05T08:12:38","slug":"exposition-temporaire-hans-wildanger-11-juillet-26-septembre-2021","status":"publish","type":"post","link":"https:\/\/www.museummurten.ch\/fr\/2021\/07\/exposition-temporaire-hans-wildanger-11-juillet-26-septembre-2021\/","title":{"rendered":"Exposition temporaire \u00ab\u00a0Hans Wildanger\u00a0\u00bb (11 juillet- 26 septembre 2021)"},"content":{"rendered":"<p>IMPRESSIONS MORATOISES<\/p>\n<p>Marchand \u00e0 Morat, mais aussi homme politique, agent touristique ou chanteur, Hans Wildanger (1888-1968) a cumul\u00e9 les fonctions et engagements en faveur de sa ville. Photographe autodidacte, toujours passionn\u00e9 par les nouveaut\u00e9s techniques, il a laiss\u00e9 en h\u00e9ritage plusieurs milliers d\u2019images r\u00e9alis\u00e9es durant un demi-si\u00e8cle.<\/p>\n<p>Ce fonds riche et diversifi\u00e9, conserv\u00e9 \u00e0 la Biblioth\u00e8que cantonale et universitaire de Fribourg (BCUF), invite \u00e0 plonger dans le quotidien de Wildanger et de la population locale. V\u00e9ritable mosa\u00efque socioculturelle, son \u0153uvre visuelle prend place au c\u0153ur de Morat, de la vieille ville au lac, et t\u00e9moigne d\u2019activit\u00e9s humaines dans leurs manifestations les plus vari\u00e9es\u00a0: travail, sport, famille, religion, comm\u00e9morations, convivialit\u00e9, loisirs. Autant de personnes et d\u2019instants de vie saisis avec authenticit\u00e9, \u00e9motion et beaucoup de bienveillance.<\/p>\n<p>Produite en collaboration avec la BCUF, cette exposition r\u00e9unissant plus de 100 images in\u00e9dites r\u00e9v\u00e8le la qualit\u00e9 esth\u00e9tique de la production de Hans Wildanger, tout comme sa richesse documentaire. Apparaissent, \u00e0 travers son objectif et au fil de la visite, la m\u00e9moire d\u2019une \u00e9poque et la beaut\u00e9 photog\u00e9nique d\u2019une ville riche en patrimoines historique, culturel et naturel.<\/p>\n<p>L\u2019exposition est accompagn\u00e9e d\u2019un ouvrage richement illustr\u00e9.<\/p>\n<p><a href=\"http:\/\/www.museummurten.ch\/wp-content\/uploads\/2021\/07\/mm_broch_wildanger.pdf\">Brochure d&rsquo;exposition<\/a><\/p>\n<p><strong>Manifestations li\u00e9es \u00e0 l\u2019exposition\u00a0:<\/strong><\/p>\n<ul>\n<li>10 juillet, 18 heures\u00a0: Vernissage avec la participation de Silvia Zehnder-J\u00f6rg, cheffe de secteur \u00e0 la Biblioth\u00e8que cantonale et universitaire Fribourg.<\/li>\n<li>25 juillet, 15 heures : Sur les traces de Hans Wildanger, visite bilingue \u00e0 travers la ville de Morat par Denis Decrausaz et Monika Kohli.<\/li>\n<li>9 septembre, 19 heures : visite comment\u00e9e de l\u2019exposition par Claudio Fedrigo et Ath\u00e9na Schuwey, collaborateurs \u00e0 la Biblioth\u00e8que cantonale et universitaire Fribourg.<\/li>\n<li>12 septembre, 15 heures : Sur les traces de Hans Wildanger, visite bilingue \u00e0 travers la ville de Morat par Denis Decrausaz et Monika Kohli.<\/li>\n<li>16 septembre, 19 heures : visite comment\u00e9e de l\u2019exposition par Markus Rubli, archiviste de la ville de Morat (en allemand).<\/li>\n<\/ul>\n","protected":false},"excerpt":{"rendered":"<p>IMPRESSIONS MORATOISES Marchand \u00e0 Morat, mais aussi homme politique, agent touristique ou chanteur, Hans Wildanger (1888-1968) a cumul\u00e9 les fonctions et engagements en faveur de sa ville. Photographe autodidacte, toujours passionn\u00e9 par les nouveaut\u00e9s techniques, il a laiss\u00e9 en h\u00e9ritage plusieurs milliers d\u2019images r\u00e9alis\u00e9es durant un demi-si\u00e8cle. Ce fonds riche et diversifi\u00e9, conserv\u00e9 \u00e0 la [&hellip;]<\/p>\n","protected":false},"author":2,"featured_media":7470,"comment_status":"closed","ping_status":"closed","sticky":false,"template":"","format":"standard","meta":{"footnotes":""},"categories":[24],"tags":[],"class_list":["post-7474","post","type-post","status-publish","format-standard","has-post-thumbnail","hentry","category-temporaire-2"],"_links":{"self":[{"href":"https:\/\/www.museummurten.ch\/fr\/wp-json\/wp\/v2\/posts\/7474","targetHints":{"allow":["GET"]}}],"collection":[{"href":"https:\/\/www.museummurten.ch\/fr\/wp-json\/wp\/v2\/posts"}],"about":[{"href":"https:\/\/www.museummurten.ch\/fr\/wp-json\/wp\/v2\/types\/post"}],"author":[{"embeddable":true,"href":"https:\/\/www.museummurten.ch\/fr\/wp-json\/wp\/v2\/users\/2"}],"replies":[{"embeddable":true,"href":"https:\/\/www.museummurten.ch\/fr\/wp-json\/wp\/v2\/comments?post=7474"}],"version-history":[{"count":2,"href":"https:\/\/www.museummurten.ch\/fr\/wp-json\/wp\/v2\/posts\/7474\/revisions"}],"predecessor-version":[{"id":7476,"href":"https:\/\/www.museummurten.ch\/fr\/wp-json\/wp\/v2\/posts\/7474\/revisions\/7476"}],"wp:featuredmedia":[{"embeddable":true,"href":"https:\/\/www.museummurten.ch\/fr\/wp-json\/wp\/v2\/media\/7470"}],"wp:attachment":[{"href":"https:\/\/www.museummurten.ch\/fr\/wp-json\/wp\/v2\/media?parent=7474"}],"wp:term":[{"taxonomy":"category","embeddable":true,"href":"https:\/\/www.museummurten.ch\/fr\/wp-json\/wp\/v2\/categories?post=7474"},{"taxonomy":"post_tag","embeddable":true,"href":"https:\/\/www.museummurten.ch\/fr\/wp-json\/wp\/v2\/tags?post=7474"}],"curies":[{"name":"wp","href":"https:\/\/api.w.org\/{rel}","templated":true}]}}