{"id":7613,"date":"2021-10-07T14:35:20","date_gmt":"2021-10-07T13:35:20","guid":{"rendered":"https:\/\/www.museummurten.ch\/?p=7613"},"modified":"2021-11-29T18:30:42","modified_gmt":"2021-11-29T17:30:42","slug":"10-octobre-19-decembre-2021-pierre-alain-morel","status":"publish","type":"post","link":"https:\/\/www.museummurten.ch\/fr\/2021\/10\/10-octobre-19-decembre-2021-pierre-alain-morel\/","title":{"rendered":"10 octobre &#8211; 19 d\u00e9cembre 2021 | Pierre-Alain Morel"},"content":{"rendered":"<p>RETOUR DE PARIS<\/p>\n<p>B\u00e9n\u00e9ficiaire d\u2019une bourse de l\u2019\u00c9tat de Fribourg, Pierre-Alain Morel a \u00e9volu\u00e9 en 2020-2021 au sein de l\u2019atelier Jean Tinguely, situ\u00e9 dans la Cit\u00e9 internationale des arts de Paris. L\u2019occasion de travailler sur sa d\u00e9marche personnelle, d\u2019exp\u00e9rimenter un rapport renouvel\u00e9 \u00e0 l\u2019espace, au temps, \u00e0 l\u2019intention du peintre\u2026<\/p>\n<p>Dans ce cadre singulier, Pierre-Alain More, m\u00fb par une \u00e9nergie d\u00e9cupl\u00e9e, a r\u00e9alis\u00e9 plusieurs s\u00e9ries d\u2019\u0153uvres questionnant la mat\u00e9rialit\u00e9 dans l\u2019art pictural. Par la r\u00e9partition des masses, l\u2019articulation des lignes et le choix des couleurs, les compositions pr\u00e9sent\u00e9es au Mus\u00e9e de Morat t\u00e9moignent d\u2019une ma\u00eetrise technique tout en d\u00e9licatesse, entre figuration et abstraction, contraste et harmonie. Le s\u00e9jour parisien, particuli\u00e8rement fructueux, a ainsi permis au peintre d\u2019explorer de mani\u00e8re approfondie les multiples facettes de la d\u00e9marche cr\u00e9atrice qu\u2019il m\u00e8ne depuis plusieurs d\u00e9cennies.<\/p>\n<p>Vivant et travaillant dans le canton de Fribourg, Pierre-Alain Morel (*1966) s\u2019est form\u00e9 \u00e0 l\u2019Universit\u00e9 de Berne pour enseigner les arts visuels. Parall\u00e8lement \u00e0 ses activit\u00e9s de m\u00e9diation culturelle, il devient peintre et sculpteur ind\u00e9pendant, exposant r\u00e9guli\u00e8rement en Suisse et \u00e0 l\u2019\u00e9tranger depuis une trentaine d\u2019ann\u00e9es, de Fribourg \u00e0 P\u00e9kin, en passant par Berne, Lausanne ou Zurich.<\/p>\n<p>&nbsp;<\/p>\n<p>MANIFESTATIONS\u00a0:<\/p>\n<ul>\n<li>9 octobre, 18 heures\u00a0: Vernissage<\/li>\n<li>4 novembre, 19 heures\u00a0: Visite guid\u00e9e de l\u2019exposition temporaire par Pierre-Alain Morel (en fran\u00e7ais)<\/li>\n<li>2 d\u00e9cembre, 19 heures\u00a0: Visite guid\u00e9e de l\u2019exposition temporaire par Pierre-Alain Morel (en allemand)<\/li>\n<\/ul>\n","protected":false},"excerpt":{"rendered":"<p>RETOUR DE PARIS B\u00e9n\u00e9ficiaire d\u2019une bourse de l\u2019\u00c9tat de Fribourg, Pierre-Alain Morel a \u00e9volu\u00e9 en 2020-2021 au sein de l\u2019atelier Jean Tinguely, situ\u00e9 dans la Cit\u00e9 internationale des arts de Paris. L\u2019occasion de travailler sur sa d\u00e9marche personnelle, d\u2019exp\u00e9rimenter un rapport renouvel\u00e9 \u00e0 l\u2019espace, au temps, \u00e0 l\u2019intention du peintre\u2026 Dans ce cadre singulier, Pierre-Alain [&hellip;]<\/p>\n","protected":false},"author":2,"featured_media":7598,"comment_status":"closed","ping_status":"closed","sticky":false,"template":"","format":"standard","meta":{"footnotes":""},"categories":[24],"tags":[],"class_list":["post-7613","post","type-post","status-publish","format-standard","has-post-thumbnail","hentry","category-temporaire-2"],"_links":{"self":[{"href":"https:\/\/www.museummurten.ch\/fr\/wp-json\/wp\/v2\/posts\/7613","targetHints":{"allow":["GET"]}}],"collection":[{"href":"https:\/\/www.museummurten.ch\/fr\/wp-json\/wp\/v2\/posts"}],"about":[{"href":"https:\/\/www.museummurten.ch\/fr\/wp-json\/wp\/v2\/types\/post"}],"author":[{"embeddable":true,"href":"https:\/\/www.museummurten.ch\/fr\/wp-json\/wp\/v2\/users\/2"}],"replies":[{"embeddable":true,"href":"https:\/\/www.museummurten.ch\/fr\/wp-json\/wp\/v2\/comments?post=7613"}],"version-history":[{"count":1,"href":"https:\/\/www.museummurten.ch\/fr\/wp-json\/wp\/v2\/posts\/7613\/revisions"}],"predecessor-version":[{"id":7614,"href":"https:\/\/www.museummurten.ch\/fr\/wp-json\/wp\/v2\/posts\/7613\/revisions\/7614"}],"wp:featuredmedia":[{"embeddable":true,"href":"https:\/\/www.museummurten.ch\/fr\/wp-json\/wp\/v2\/media\/7598"}],"wp:attachment":[{"href":"https:\/\/www.museummurten.ch\/fr\/wp-json\/wp\/v2\/media?parent=7613"}],"wp:term":[{"taxonomy":"category","embeddable":true,"href":"https:\/\/www.museummurten.ch\/fr\/wp-json\/wp\/v2\/categories?post=7613"},{"taxonomy":"post_tag","embeddable":true,"href":"https:\/\/www.museummurten.ch\/fr\/wp-json\/wp\/v2\/tags?post=7613"}],"curies":[{"name":"wp","href":"https:\/\/api.w.org\/{rel}","templated":true}]}}