{"id":7702,"date":"2022-02-20T10:53:41","date_gmt":"2022-02-20T09:53:41","guid":{"rendered":"https:\/\/www.museummurten.ch\/?p=7702"},"modified":"2022-03-01T16:50:20","modified_gmt":"2022-03-01T15:50:20","slug":"murtebiet-im-louf-vor-zyt-19-2-13-3-2022","status":"publish","type":"post","link":"https:\/\/www.museummurten.ch\/fr\/2022\/02\/murtebiet-im-louf-vor-zyt-19-2-13-3-2022\/","title":{"rendered":"MURTEBIET IM LOUF VOR ZYT (19.2-13.3.2022)"},"content":{"rendered":"<p><strong>HISTOIRE D&rsquo;UN TERRITOIRE<\/strong><\/p>\n<p>\u00ab Murtebiet im Louf vor Zyt. Histoire d\u2019un territoire \u00bb est le fruit d\u2019une collaboration avec les archives de la Ville de Morat. L\u2019exposition a pour but de contextualiser la r\u00e9cente fusion<br \/>\ndes communes de Morat, Galmiz, Gempenach et Clavaleyres en l\u2019inscrivant dans le temps long. Pour ce faire, elle r\u00e9unit un ensemble de sources anciennes, de cartes topographiques,<br \/>\nde belles aquarelles peintes qui retracent les \u00e9volutions g\u00e9ographiques et politiques du Moratois. Elle nous ram\u00e8ne \u00e0 la p\u00e9riode des ducs de Z\u00e4hringen, mais aussi \u00e0 celle des<br \/>\ncomtes de Savoie, de l\u2019Ancien R\u00e9gime, de l\u2019invasion fran\u00e7aise de 1798, notamment. Aux documents historiques s\u2019ajoutent des portraits et paysages r\u00e9alis\u00e9s par les photographes<br \/>\nAldo Ellena et Corinne Aeberhard.<\/p>\n<p><strong>L\u2019exposition est gratuite et ouverte \u00e0 tout-e-s.<\/strong><\/p>\n<p><strong>Manifestations li\u00e9es \u00e0 l\u2019exposition :<\/strong><\/p>\n<p>\u2022 27 f\u00e9vrier, 16 heures : visite guid\u00e9e de l\u2019exposition par Markus Rubli (en allemand)<\/p>\n<p>\u2022 3 mars, 18h30 : visite guid\u00e9e de l\u2019exposition par Markus Rubli (en allemand)<\/p>\n<p>\u2022 11 mars, 19 heures : soir\u00e9e officielle et festive<\/p>\n<p>\u2022 12 mars, 16 heures : visite guid\u00e9e de l\u2019exposition par Markus Rubli (en allemand)<\/p>\n<p>\u2022 13 mars, 16 heures : visite guid\u00e9e de l&rsquo;exposition par Denis Decrausaz (bilingue)<\/p>\n<p>&nbsp;<\/p>\n","protected":false},"excerpt":{"rendered":"<p>HISTOIRE D&rsquo;UN TERRITOIRE \u00ab Murtebiet im Louf vor Zyt. Histoire d\u2019un territoire \u00bb est le fruit d\u2019une collaboration avec les archives de la Ville de Morat. L\u2019exposition a pour but de contextualiser la r\u00e9cente fusion des communes de Morat, Galmiz, Gempenach et Clavaleyres en l\u2019inscrivant dans le temps long. Pour ce faire, elle r\u00e9unit un [&hellip;]<\/p>\n","protected":false},"author":2,"featured_media":7681,"comment_status":"closed","ping_status":"closed","sticky":false,"template":"","format":"standard","meta":{"footnotes":""},"categories":[24],"tags":[],"class_list":["post-7702","post","type-post","status-publish","format-standard","has-post-thumbnail","hentry","category-temporaire-2"],"_links":{"self":[{"href":"https:\/\/www.museummurten.ch\/fr\/wp-json\/wp\/v2\/posts\/7702","targetHints":{"allow":["GET"]}}],"collection":[{"href":"https:\/\/www.museummurten.ch\/fr\/wp-json\/wp\/v2\/posts"}],"about":[{"href":"https:\/\/www.museummurten.ch\/fr\/wp-json\/wp\/v2\/types\/post"}],"author":[{"embeddable":true,"href":"https:\/\/www.museummurten.ch\/fr\/wp-json\/wp\/v2\/users\/2"}],"replies":[{"embeddable":true,"href":"https:\/\/www.museummurten.ch\/fr\/wp-json\/wp\/v2\/comments?post=7702"}],"version-history":[{"count":4,"href":"https:\/\/www.museummurten.ch\/fr\/wp-json\/wp\/v2\/posts\/7702\/revisions"}],"predecessor-version":[{"id":7775,"href":"https:\/\/www.museummurten.ch\/fr\/wp-json\/wp\/v2\/posts\/7702\/revisions\/7775"}],"wp:featuredmedia":[{"embeddable":true,"href":"https:\/\/www.museummurten.ch\/fr\/wp-json\/wp\/v2\/media\/7681"}],"wp:attachment":[{"href":"https:\/\/www.museummurten.ch\/fr\/wp-json\/wp\/v2\/media?parent=7702"}],"wp:term":[{"taxonomy":"category","embeddable":true,"href":"https:\/\/www.museummurten.ch\/fr\/wp-json\/wp\/v2\/categories?post=7702"},{"taxonomy":"post_tag","embeddable":true,"href":"https:\/\/www.museummurten.ch\/fr\/wp-json\/wp\/v2\/tags?post=7702"}],"curies":[{"name":"wp","href":"https:\/\/api.w.org\/{rel}","templated":true}]}}