{"id":7776,"date":"2022-03-20T15:42:04","date_gmt":"2022-03-20T14:42:04","guid":{"rendered":"https:\/\/www.museummurten.ch\/?p=7776"},"modified":"2022-03-20T15:42:56","modified_gmt":"2022-03-20T14:42:56","slug":"1698-t-t","status":"publish","type":"post","link":"https:\/\/www.museummurten.ch\/fr\/2022\/03\/1698-t-t\/","title":{"rendered":"1698\/t-t"},"content":{"rendered":"<p><strong>Une distance, deux terres (27.3-29.52022)<\/strong><\/p>\n<p>Initi\u00e9 en ao\u00fbt 2019 par Valeria Caflisch, 1698\/t-t est un projet international au format exp\u00e9rimental qui a contribu\u00e9 \u00e0 former de mani\u00e8re al\u00e9atoire des bin\u00f4mes d\u2019artistes italo-suisses. Il tire son nom des 1698 kilom\u00e8tres s\u00e9parant les duos d\u2019artistes.<\/p>\n<p>Outre les \u0153uvres produites, l\u2019int\u00e9r\u00eat du projet r\u00e9side dans le choix de la m\u00e9thode. \u00c0 la mani\u00e8re d\u2019une rencontre Tinder, les duos se sont form\u00e9s apr\u00e8s une phase d\u2019envois anonymes d\u2019images et de messages. Des premi\u00e8res discussions \u00e0 distance aux voyages, la collaboration s\u2019est ensuite d\u00e9velopp\u00e9e de mani\u00e8re organique et exponentielle. Au travers d\u2019installations, de vid\u00e9os et d\u2019\u0153uvres visuels, les intervenants explorent, entre collaboration et cocr\u00e9ation, les notions de mobilit\u00e9 et d\u2019\u00e9change.<\/p>\n<p>&nbsp;<\/p>\n<p><strong>Artistes\u00a0:<\/strong> Valeria Caflisch (coordination) ; Laura Malerba (documentation) ; Francesco Balsamo &amp; Isabelle Pilloud ; Marcella Barone &amp; Christiane Hamacher ; Primula Bosshard &amp; Alessandra Schilir\u00f2 ; Gianluca Lombardo &amp; Ivo Vonlanthen.<\/p>\n<p><strong>Curateurs invit\u00e9s\u00a0:<\/strong> Valentina Barbagallo &amp; Philippe Clerc.<\/p>\n<p>Publi\u00e9 aux \u00c9ditions Faim de si\u00e8cle, un ouvrage qui documente le projet para\u00eetra \u00e0 l\u2019occasion d\u2019une table ronde au mus\u00e9e de Morat. <strong>Pr\u00e9commande ouverte d\u00e8s le vernissage.<\/strong><\/p>\n<p>&nbsp;<\/p>\n<p><strong>Manifestations li\u00e9es \u00e0 l\u2019exposition<\/strong>\u00a0:<\/p>\n<ul>\n<li>26 mars, 18 heures\u00a0: Vernissage<\/li>\n<li>10 avril, 16 heures\u00a0: Visite guid\u00e9e de l\u2019exposition par les artistes (en fran\u00e7ais)<\/li>\n<li>12 mai, 18 heures\u00a0: Lancement de la publication et table ronde<\/li>\n<li>19 mai, 19 heures\u00a0: Visite guid\u00e9e de l\u2019exposition par les artistes (en allemand)<\/li>\n<\/ul>\n","protected":false},"excerpt":{"rendered":"<p>Une distance, deux terres (27.3-29.52022) Initi\u00e9 en ao\u00fbt 2019 par Valeria Caflisch, 1698\/t-t est un projet international au format exp\u00e9rimental qui a contribu\u00e9 \u00e0 former de mani\u00e8re al\u00e9atoire des bin\u00f4mes d\u2019artistes italo-suisses. Il tire son nom des 1698 kilom\u00e8tres s\u00e9parant les duos d\u2019artistes. Outre les \u0153uvres produites, l\u2019int\u00e9r\u00eat du projet r\u00e9side dans le choix de [&hellip;]<\/p>\n","protected":false},"author":2,"featured_media":7777,"comment_status":"closed","ping_status":"closed","sticky":false,"template":"","format":"standard","meta":{"footnotes":""},"categories":[24],"tags":[],"class_list":["post-7776","post","type-post","status-publish","format-standard","has-post-thumbnail","hentry","category-temporaire-2"],"_links":{"self":[{"href":"https:\/\/www.museummurten.ch\/fr\/wp-json\/wp\/v2\/posts\/7776","targetHints":{"allow":["GET"]}}],"collection":[{"href":"https:\/\/www.museummurten.ch\/fr\/wp-json\/wp\/v2\/posts"}],"about":[{"href":"https:\/\/www.museummurten.ch\/fr\/wp-json\/wp\/v2\/types\/post"}],"author":[{"embeddable":true,"href":"https:\/\/www.museummurten.ch\/fr\/wp-json\/wp\/v2\/users\/2"}],"replies":[{"embeddable":true,"href":"https:\/\/www.museummurten.ch\/fr\/wp-json\/wp\/v2\/comments?post=7776"}],"version-history":[{"count":2,"href":"https:\/\/www.museummurten.ch\/fr\/wp-json\/wp\/v2\/posts\/7776\/revisions"}],"predecessor-version":[{"id":7815,"href":"https:\/\/www.museummurten.ch\/fr\/wp-json\/wp\/v2\/posts\/7776\/revisions\/7815"}],"wp:featuredmedia":[{"embeddable":true,"href":"https:\/\/www.museummurten.ch\/fr\/wp-json\/wp\/v2\/media\/7777"}],"wp:attachment":[{"href":"https:\/\/www.museummurten.ch\/fr\/wp-json\/wp\/v2\/media?parent=7776"}],"wp:term":[{"taxonomy":"category","embeddable":true,"href":"https:\/\/www.museummurten.ch\/fr\/wp-json\/wp\/v2\/categories?post=7776"},{"taxonomy":"post_tag","embeddable":true,"href":"https:\/\/www.museummurten.ch\/fr\/wp-json\/wp\/v2\/tags?post=7776"}],"curies":[{"name":"wp","href":"https:\/\/api.w.org\/{rel}","templated":true}]}}