{"id":7816,"date":"2022-05-30T08:22:27","date_gmt":"2022-05-30T07:22:27","guid":{"rendered":"https:\/\/www.museummurten.ch\/?p=7816"},"modified":"2022-05-30T08:22:27","modified_gmt":"2022-05-30T07:22:27","slug":"tomas-wuethrich-seeland","status":"publish","type":"post","link":"https:\/\/www.museummurten.ch\/fr\/2022\/05\/tomas-wuethrich-seeland\/","title":{"rendered":"Tomas W\u00fcthrich. Seeland"},"content":{"rendered":"<p><strong>SEELAND (12.6-25.9 2022)<\/strong><\/p>\n<p>Englobant les lacs de Neuch\u00e2tel, de Morat et de Bienne, le Seeland est un territoire charg\u00e9 d\u2019histoires. Longtemps, il s\u2019est compos\u00e9 de deux zones distinctes : celle des villages lacustres attest\u00e9s d\u00e8s la Pr\u00e9histoire, ainsi que celle du Grand-Marais, humide, inondable, insalubre, et donc peu propice \u00e0 l\u2019habitat. Sources d\u2019angoisses mais aussi de fascination, le Grand-Marais a exalt\u00e9 l\u2019imaginaire des \u00e9crivains et des artistes en m\u00eame temps qu\u2019il a provoqu\u00e9 le lancement d\u2019un projet d\u2019envergure\u00a0: les corrections des eaux du Jura (1868-1891\u00a0et 1962-1973). Ces am\u00e9nagements hydrauliques l\u2019ont transform\u00e9 du terrain malpropre au plus grand potager du pays. En moins de 150 ans, l\u2019image du Seeland s\u2019est ainsi sensiblement bonifi\u00e9e\u00a0; les souffrances d\u2019antan semblent de nos jours appartenir \u00e0 un pass\u00e9 r\u00e9volu.<\/p>\n<p>Et demain ? Le Seeland est une r\u00e9gion en perp\u00e9tuelle mutation, mill\u00e9naire et fragile dans laquelle coexistent des ressources naturelles remarquables et des activit\u00e9s socio\u00e9conomiques intenses. Le temps est aux interrogations. Les photographies de Tomas W\u00fcthrich nous emm\u00e8nent dans un voyage fictif \u00e0 travers le temps, de la mer pr\u00e9historique \u00e0 celle de plastique, et veulent sensibiliser les visiteurs \u00e0 la transformation du paysage ainsi qu\u2019\u00e0 la perte de la biodiversit\u00e9.<\/p>\n<p>N\u00e9 \u00e0 Chi\u00e8tres en 1972, Tomas W\u00fcthrich expose, depuis une vingtaine d\u2019ann\u00e9es, ses photographies en solo ou collectivement dans des institutions culturelles fribourgeoises, bernoises et zurichoises. Pour plus d&rsquo;information sur l&rsquo;artiste:\u00a0<a href=\"https:\/\/tomaswuethrich.ch\/\">https:\/\/tomaswuethrich.ch\/<\/a><\/p>\n<p><strong>MANIFESTATIONS<\/strong><\/p>\n<p>11 juin, 18 heures\u00a0: vernissage avec la participation de Werner K\u00f6nitzer, pr\u00e9sident de l&rsquo;association Mus\u00e9e du ch\u00e2teau de Nidau.<\/p>\n<p>9 et 10 juillet, d\u00e8s 14 heures\u00a0: weekend cr\u00e9atif au mus\u00e9e\u00a0: ateliers d\u2019anthotypie par Tomas W\u00fcthrich et Vinzenz Schwab.<\/p>\n<p>28 ao\u00fbt, 15 heures : visite guid\u00e9e \u00e0 deux voix de l\u2019exposition temporaire par le photographe Tomas W\u00fcthrich et Denis Decrausaz, directeur du mus\u00e9e.<\/p>\n<p>24 septembre, 17 heures\u00a0: \u00ab\u00a0Grand-Marais\u00a0: le paradis (presque) perdu des plantes aquatiques\u00a0\u00bb, conf\u00e9rence bilingue par le Prof. Gregor Kozlowski, directeur du Jardin botanique de l\u2019Universit\u00e9 de Fribourg.<\/p>\n<p><strong>OUVRAGE PHOTOGRAPHIQUE<\/strong><\/p>\n<p>Publi\u00e9 aux \u00c9ditions Faim de Si\u00e8cle, <em>Seeland<\/em> est un ouvrage de photographies qui accompagne l\u2019exposition.<\/p>\n","protected":false},"excerpt":{"rendered":"<p>SEELAND (12.6-25.9 2022) Englobant les lacs de Neuch\u00e2tel, de Morat et de Bienne, le Seeland est un territoire charg\u00e9 d\u2019histoires. Longtemps, il s\u2019est compos\u00e9 de deux zones distinctes : celle des villages lacustres attest\u00e9s d\u00e8s la Pr\u00e9histoire, ainsi que celle du Grand-Marais, humide, inondable, insalubre, et donc peu propice \u00e0 l\u2019habitat. Sources d\u2019angoisses mais aussi [&hellip;]<\/p>\n","protected":false},"author":2,"featured_media":7805,"comment_status":"closed","ping_status":"closed","sticky":false,"template":"","format":"standard","meta":{"footnotes":""},"categories":[24],"tags":[],"class_list":["post-7816","post","type-post","status-publish","format-standard","has-post-thumbnail","hentry","category-temporaire-2"],"_links":{"self":[{"href":"https:\/\/www.museummurten.ch\/fr\/wp-json\/wp\/v2\/posts\/7816","targetHints":{"allow":["GET"]}}],"collection":[{"href":"https:\/\/www.museummurten.ch\/fr\/wp-json\/wp\/v2\/posts"}],"about":[{"href":"https:\/\/www.museummurten.ch\/fr\/wp-json\/wp\/v2\/types\/post"}],"author":[{"embeddable":true,"href":"https:\/\/www.museummurten.ch\/fr\/wp-json\/wp\/v2\/users\/2"}],"replies":[{"embeddable":true,"href":"https:\/\/www.museummurten.ch\/fr\/wp-json\/wp\/v2\/comments?post=7816"}],"version-history":[{"count":2,"href":"https:\/\/www.museummurten.ch\/fr\/wp-json\/wp\/v2\/posts\/7816\/revisions"}],"predecessor-version":[{"id":7820,"href":"https:\/\/www.museummurten.ch\/fr\/wp-json\/wp\/v2\/posts\/7816\/revisions\/7820"}],"wp:featuredmedia":[{"embeddable":true,"href":"https:\/\/www.museummurten.ch\/fr\/wp-json\/wp\/v2\/media\/7805"}],"wp:attachment":[{"href":"https:\/\/www.museummurten.ch\/fr\/wp-json\/wp\/v2\/media?parent=7816"}],"wp:term":[{"taxonomy":"category","embeddable":true,"href":"https:\/\/www.museummurten.ch\/fr\/wp-json\/wp\/v2\/categories?post=7816"},{"taxonomy":"post_tag","embeddable":true,"href":"https:\/\/www.museummurten.ch\/fr\/wp-json\/wp\/v2\/tags?post=7816"}],"curies":[{"name":"wp","href":"https:\/\/api.w.org\/{rel}","templated":true}]}}