{"id":7970,"date":"2022-11-02T14:08:43","date_gmt":"2022-11-02T13:08:43","guid":{"rendered":"https:\/\/www.museummurten.ch\/?p=7970"},"modified":"2022-11-02T14:08:43","modified_gmt":"2022-11-02T13:08:43","slug":"au-dela-du-souvenir-18-10-18-12-2022","status":"publish","type":"post","link":"https:\/\/www.museummurten.ch\/fr\/2022\/11\/au-dela-du-souvenir-18-10-18-12-2022\/","title":{"rendered":"Au-del\u00e0 du souvenir (18.10-18.12.2022)"},"content":{"rendered":"<p><strong>R\u00e9sidence d&rsquo;artistes et exposition temporaire<\/strong><\/p>\n<p><span style=\"font-weight: 400;\">6 artistes proches du magazine de r\u00e9flexions artistiques et litt\u00e9raires \u00ab\u00a0\u00c9tat Des Choses\u00a0\u00bb ont pris comme foyer le Mus\u00e9e de Morat du 27 septembre 2022 au 17 octobre 2022 afin de cr\u00e9er une exposition in situ, se laissant spontan\u00e9ment guider par la collection pr\u00e9sente. Un r\u00e9cit contemporain empreint de souvenirs est ainsi cr\u00e9\u00e9, en transcrivant le c\u00f4t\u00e9 patrimonial et historique du lieu. Il refl\u00e8te les parcours multiples des artistes et d\u00e9code les relations \u00e0 nos origines et appartenances.<\/span><\/p>\n<p><strong>Notre engagement<\/strong><\/p>\n<p><span style=\"font-weight: 400;\">Pour sa derni\u00e8re exposition de 2022, le Mus\u00e9e de Morat a fait le choix de la r\u00e9sidence car elle permet \u00e0 l\u2019\u00e9chelle d\u2019une institution de contribuer au soutien des artistes et de la cr\u00e9ation dans le canton de Fribourg. <\/span><span style=\"font-weight: 400;\">Faire r\u00e9sidence implique pour les artistes de s\u2019installer, de s\u2019approprier un lieu et ses contraintes, de produire en explorant des formes et techniques li\u00e9es \u00e0 leur nouvel environnement de travail. Pens\u00e9 comme un laboratoire, ce dispositif inventif offre ainsi aux personnes invit\u00e9\u00b7e\u00b7x\u00b7s un champ de libert\u00e9 et de recherche, de m\u00eame qu\u2019un rapport espace-temps renouvel\u00e9. <\/span><span style=\"font-weight: 400;\">Organiser cette r\u00e9sidence permet au Mus\u00e9e de Morat d\u2019accomplir plusieurs objectifs : accompagner des projets sp\u00e9cifiques en r\u00e9sonance avec le lieu, proposer une exp\u00e9rience unique aux artistes comme \u00e0 ses publics, ainsi qu\u2019\u00e9tablir des liens entre des cr\u00e9ateur\u00b7rice\u00b7x\u00b7s \u00e9mergent\u00b7e\u00b7x\u00b7s et des visiteur\u00b7euse\u00b7x\u00b7s curieux\u00b7se\u00b7x\u00b7s de d\u00e9couvrir la production contemporaine fribourgeoise.<\/span><\/p>\n<p><strong>Impressum<\/strong><\/p>\n<p><span style=\"font-weight: 400;\">Artistes :\u00a0<\/span><span style=\"font-weight: 400;\">No\u00e9mie Eva Balazs ; <\/span><span style=\"font-weight: 400;\">Aladin Commend &amp; Thomas Sauser ; <\/span><span style=\"font-weight: 400;\">Gunflamm ; <\/span><span style=\"font-weight: 400;\">MinReCuliao ; <\/span><span style=\"font-weight: 400;\">Naomi Gamarra<\/span><\/p>\n<p><span style=\"font-weight: 400;\">M\u00e9diation culturelle : <\/span><span style=\"font-weight: 400;\">Emma Gostely<\/span><\/p>\n<p><span style=\"font-weight: 400;\">Coordination : <\/span><span style=\"font-weight: 400;\">Maxime Barras<\/span><\/p>\n<p><span style=\"font-weight: 400;\">Design graphique : <\/span><span style=\"font-weight: 400;\">Miguel Rodrigues Chora<\/span><\/p>\n<p><span style=\"font-weight: 400;\">Aide technique &amp; accrochage : <\/span><span style=\"font-weight: 400;\">J\u00e9r\u00f4me Berbier<\/span><\/p>\n","protected":false},"excerpt":{"rendered":"<p>R\u00e9sidence d&rsquo;artistes et exposition temporaire 6 artistes proches du magazine de r\u00e9flexions artistiques et litt\u00e9raires \u00ab\u00a0\u00c9tat Des Choses\u00a0\u00bb ont pris comme foyer le Mus\u00e9e de Morat du 27 septembre 2022 au 17 octobre 2022 afin de cr\u00e9er une exposition in situ, se laissant spontan\u00e9ment guider par la collection pr\u00e9sente. Un r\u00e9cit contemporain empreint de souvenirs [&hellip;]<\/p>\n","protected":false},"author":2,"featured_media":7952,"comment_status":"closed","ping_status":"closed","sticky":false,"template":"","format":"standard","meta":{"footnotes":""},"categories":[24],"tags":[],"class_list":["post-7970","post","type-post","status-publish","format-standard","has-post-thumbnail","hentry","category-temporaire-2"],"_links":{"self":[{"href":"https:\/\/www.museummurten.ch\/fr\/wp-json\/wp\/v2\/posts\/7970","targetHints":{"allow":["GET"]}}],"collection":[{"href":"https:\/\/www.museummurten.ch\/fr\/wp-json\/wp\/v2\/posts"}],"about":[{"href":"https:\/\/www.museummurten.ch\/fr\/wp-json\/wp\/v2\/types\/post"}],"author":[{"embeddable":true,"href":"https:\/\/www.museummurten.ch\/fr\/wp-json\/wp\/v2\/users\/2"}],"replies":[{"embeddable":true,"href":"https:\/\/www.museummurten.ch\/fr\/wp-json\/wp\/v2\/comments?post=7970"}],"version-history":[{"count":2,"href":"https:\/\/www.museummurten.ch\/fr\/wp-json\/wp\/v2\/posts\/7970\/revisions"}],"predecessor-version":[{"id":7972,"href":"https:\/\/www.museummurten.ch\/fr\/wp-json\/wp\/v2\/posts\/7970\/revisions\/7972"}],"wp:featuredmedia":[{"embeddable":true,"href":"https:\/\/www.museummurten.ch\/fr\/wp-json\/wp\/v2\/media\/7952"}],"wp:attachment":[{"href":"https:\/\/www.museummurten.ch\/fr\/wp-json\/wp\/v2\/media?parent=7970"}],"wp:term":[{"taxonomy":"category","embeddable":true,"href":"https:\/\/www.museummurten.ch\/fr\/wp-json\/wp\/v2\/categories?post=7970"},{"taxonomy":"post_tag","embeddable":true,"href":"https:\/\/www.museummurten.ch\/fr\/wp-json\/wp\/v2\/tags?post=7970"}],"curies":[{"name":"wp","href":"https:\/\/api.w.org\/{rel}","templated":true}]}}