{"id":8105,"date":"2023-03-22T12:39:41","date_gmt":"2023-03-22T11:39:41","guid":{"rendered":"https:\/\/www.museummurten.ch\/?p=8105"},"modified":"2023-03-22T12:40:50","modified_gmt":"2023-03-22T11:40:50","slug":"aqua-modis-24-03-21-05-2023","status":"publish","type":"post","link":"https:\/\/www.museummurten.ch\/fr\/2023\/03\/aqua-modis-24-03-21-05-2023\/","title":{"rendered":"Aqua Modis (24.03-21.05.2023)"},"content":{"rendered":"<p><strong>L\u2019exposition<\/strong><\/p>\n<p>Pour sa premi\u00e8re exposition de 2023, le mus\u00e9e de Morat a retenu un projet collectif qui a pour objectif de valoriser la cr\u00e9ation contemporaine en arts visuels. Pour ce faire, l\u2019institution s\u2019est mu\u00e9e en espace de rencontre et de recherche.<\/p>\n<p>Aqua Modis est pens\u00e9 comme un dialogue entre cinq jeunes artistes suisses \u00e9mergents qui explorent les diff\u00e9rences et les similitudes de leurs pratiques aussi bien d\u2019un point de vue formel que mat\u00e9riel.\u00a0Travaillant autour de la th\u00e9matique de l\u2019eau comme source de vie et symbole de renouveau, les actrices et acteurs du projet donnent ainsi \u00e0 voir le r\u00e9sultat d&rsquo;une r\u00e9flexion interpersonnelle, matrice de la collaboration.<\/p>\n<p>En se m\u00ealant aux objets historiques du mus\u00e9e de Morat, les \u0153uvres expos\u00e9es invitent les visiteurs \u00e0 participer \u00e0 cette r\u00e9flexion collective en questionnant la logique du lieu, son rapport au temps et aux artefacts qui y sont pr\u00e9sent\u00e9s.<\/p>\n<p><strong>Nous remercions les artistes expos\u00e9s:<\/strong><\/p>\n<ul>\n<li>Bacchi<\/li>\n<li>Fabio Guida<\/li>\n<li>Anton Hasler<\/li>\n<li>Audrey Manfredi<\/li>\n<li>Romain Buffetrille<\/li>\n<\/ul>\n<p><strong>\u00c9v\u00e9nements<\/strong><\/p>\n<p>23.3.23 &#8211; Vernissage, 18:30<\/p>\n<p>30.4.23 &#8211; Visite guid\u00e9e en pr\u00e9sence des artistes, 15:30<\/p>\n<p>16.5.23 &#8211; Visite guid\u00e9e en pr\u00e9sence des artistes, suivie d\u2019un ap\u00e9ritif, 18:30<\/p>\n<p>21.5.23 &#8211; Finissage de l\u2019exposition, 15:30<\/p>\n<p>&nbsp;<\/p>\n<p>&nbsp;<\/p>\n","protected":false},"excerpt":{"rendered":"<p>L\u2019exposition Pour sa premi\u00e8re exposition de 2023, le mus\u00e9e de Morat a retenu un projet collectif qui a pour objectif de valoriser la cr\u00e9ation contemporaine en arts visuels. Pour ce faire, l\u2019institution s\u2019est mu\u00e9e en espace de rencontre et de recherche. Aqua Modis est pens\u00e9 comme un dialogue entre cinq jeunes artistes suisses \u00e9mergents qui [&hellip;]<\/p>\n","protected":false},"author":2,"featured_media":8090,"comment_status":"closed","ping_status":"closed","sticky":false,"template":"","format":"standard","meta":{"footnotes":""},"categories":[24],"tags":[],"class_list":["post-8105","post","type-post","status-publish","format-standard","has-post-thumbnail","hentry","category-temporaire-2"],"_links":{"self":[{"href":"https:\/\/www.museummurten.ch\/fr\/wp-json\/wp\/v2\/posts\/8105","targetHints":{"allow":["GET"]}}],"collection":[{"href":"https:\/\/www.museummurten.ch\/fr\/wp-json\/wp\/v2\/posts"}],"about":[{"href":"https:\/\/www.museummurten.ch\/fr\/wp-json\/wp\/v2\/types\/post"}],"author":[{"embeddable":true,"href":"https:\/\/www.museummurten.ch\/fr\/wp-json\/wp\/v2\/users\/2"}],"replies":[{"embeddable":true,"href":"https:\/\/www.museummurten.ch\/fr\/wp-json\/wp\/v2\/comments?post=8105"}],"version-history":[{"count":2,"href":"https:\/\/www.museummurten.ch\/fr\/wp-json\/wp\/v2\/posts\/8105\/revisions"}],"predecessor-version":[{"id":8108,"href":"https:\/\/www.museummurten.ch\/fr\/wp-json\/wp\/v2\/posts\/8105\/revisions\/8108"}],"wp:featuredmedia":[{"embeddable":true,"href":"https:\/\/www.museummurten.ch\/fr\/wp-json\/wp\/v2\/media\/8090"}],"wp:attachment":[{"href":"https:\/\/www.museummurten.ch\/fr\/wp-json\/wp\/v2\/media?parent=8105"}],"wp:term":[{"taxonomy":"category","embeddable":true,"href":"https:\/\/www.museummurten.ch\/fr\/wp-json\/wp\/v2\/categories?post=8105"},{"taxonomy":"post_tag","embeddable":true,"href":"https:\/\/www.museummurten.ch\/fr\/wp-json\/wp\/v2\/tags?post=8105"}],"curies":[{"name":"wp","href":"https:\/\/api.w.org\/{rel}","templated":true}]}}