{"id":8170,"date":"2023-07-27T10:39:11","date_gmt":"2023-07-27T09:39:11","guid":{"rendered":"https:\/\/www.museummurten.ch\/?p=8170"},"modified":"2023-07-27T10:39:30","modified_gmt":"2023-07-27T09:39:30","slug":"en-voyage-25-6-8-10-2023","status":"publish","type":"post","link":"https:\/\/www.museummurten.ch\/fr\/2023\/07\/en-voyage-25-6-8-10-2023\/","title":{"rendered":"En voyage! (25.6-8.10.2023)"},"content":{"rendered":"<p><strong>Reichlen, Br\u00fclhart, Yoki\u2026<\/strong><\/p>\n<p>Le grand public a l\u2019habitude de voir des peintures montrant la cath\u00e9drale Saint-Nicolas, les Gastlosen ou le Mol\u00e9son. Mais qui conna\u00eet les paysages norv\u00e9giens d\u2019Hiram Br\u00fclhart ou les d\u00e9serts marocains de Paul Hogg\u00a0? Le Mus\u00e9e de Morat se propose de faire d\u00e9couvrir ce pan m\u00e9connu de l\u2019histoire de l\u2019art fribourgeois au travers d\u2019une exposition et d\u2019une publication.<\/p>\n<p>Paris, Berlin, Rome, Saint-Tropez, Melbourne, le Maroc ou l\u2019\u00c9gypte, autant de destinations qui se d\u00e9voilent sous les pinceaux de Raymond Buchs, Hiram Br\u00fclhart, Paul Hogg, Jean-\u00c9douard de Castella, ainsi que de leurs successeurs Roger Bohnenblust, Anita Guidi, Raymond Meuwly, Pierre Spori, Yoki, entre autres.<\/p>\n<p>Pourquoi donc ces artistes sont-ils tant enclins \u00e0 visiter des contr\u00e9es lointaines et parfois m\u00eame hostiles ? Le voyage constitue assur\u00e9ment l\u2019une des meilleures mani\u00e8res de d\u00e9couvrir des paysages, d\u2019entrer en contact avec des populations et de capter des lumi\u00e8res diff\u00e9rentes de celles de leur canton. Tous sont aussi plus libres de cr\u00e9er \u00e0 leur guise, sans \u00eatre soumis aux attentes du public fribourgeois d\u00e9sireux de voir repr\u00e9sent\u00e9s sur la toile des sujets qui leur sont familiers. Ainsi, cette exposition est en soi une invitation au d\u00e9paysement, \u00e0 la contemplation d\u2019\u0153uvres m\u00e9connues.<\/p>\n<p>&nbsp;<\/p>\n<p>MANIFESTATIONS<\/p>\n<ul>\n<li>24 juin, 18 heures\u00a0: Vernissage. Prendront la parole\u00a0: Rudolf Herren, conseiller communal, Denis Decrausaz, directeur du mus\u00e9e de Morat, Philippe Clerc, historien de l\u2019art.<\/li>\n<li>16 juillet, 15 heures : visite guid\u00e9e \u00e0 deux voix de l\u2019exposition temporaire par Denis Decrausaz, directeur du mus\u00e9e de Morat, et Philippe Clerc, commissaire de l\u2019exposition.<\/li>\n<li>2 septembre, 17 heures : Lancement de la publication suivi d\u2019un ap\u00e9ritif.<\/li>\n<li>8 octobre, 15 heures : Finissage.<\/li>\n<\/ul>\n<p>&nbsp;<\/p>\n<p>OUVRAGE PHOTOGRAPHIQUE<\/p>\n<p>\u00c9dit\u00e9 par la Soci\u00e9t\u00e9 d\u2019histoire du canton de Fribourg, <em>En voyage\u00a0! Reichlen, Br\u00fclhart, Yoki\u2026<\/em> est un ouvrage richement illustr\u00e9 qui para\u00eet dans le cadre de l\u2019exposition.<\/p>\n","protected":false},"excerpt":{"rendered":"<p>Reichlen, Br\u00fclhart, Yoki\u2026 Le grand public a l\u2019habitude de voir des peintures montrant la cath\u00e9drale Saint-Nicolas, les Gastlosen ou le Mol\u00e9son. Mais qui conna\u00eet les paysages norv\u00e9giens d\u2019Hiram Br\u00fclhart ou les d\u00e9serts marocains de Paul Hogg\u00a0? Le Mus\u00e9e de Morat se propose de faire d\u00e9couvrir ce pan m\u00e9connu de l\u2019histoire de l\u2019art fribourgeois au travers [&hellip;]<\/p>\n","protected":false},"author":2,"featured_media":8156,"comment_status":"closed","ping_status":"closed","sticky":false,"template":"","format":"standard","meta":{"footnotes":""},"categories":[24],"tags":[],"class_list":["post-8170","post","type-post","status-publish","format-standard","has-post-thumbnail","hentry","category-temporaire-2"],"_links":{"self":[{"href":"https:\/\/www.museummurten.ch\/fr\/wp-json\/wp\/v2\/posts\/8170","targetHints":{"allow":["GET"]}}],"collection":[{"href":"https:\/\/www.museummurten.ch\/fr\/wp-json\/wp\/v2\/posts"}],"about":[{"href":"https:\/\/www.museummurten.ch\/fr\/wp-json\/wp\/v2\/types\/post"}],"author":[{"embeddable":true,"href":"https:\/\/www.museummurten.ch\/fr\/wp-json\/wp\/v2\/users\/2"}],"replies":[{"embeddable":true,"href":"https:\/\/www.museummurten.ch\/fr\/wp-json\/wp\/v2\/comments?post=8170"}],"version-history":[{"count":2,"href":"https:\/\/www.museummurten.ch\/fr\/wp-json\/wp\/v2\/posts\/8170\/revisions"}],"predecessor-version":[{"id":8174,"href":"https:\/\/www.museummurten.ch\/fr\/wp-json\/wp\/v2\/posts\/8170\/revisions\/8174"}],"wp:featuredmedia":[{"embeddable":true,"href":"https:\/\/www.museummurten.ch\/fr\/wp-json\/wp\/v2\/media\/8156"}],"wp:attachment":[{"href":"https:\/\/www.museummurten.ch\/fr\/wp-json\/wp\/v2\/media?parent=8170"}],"wp:term":[{"taxonomy":"category","embeddable":true,"href":"https:\/\/www.museummurten.ch\/fr\/wp-json\/wp\/v2\/categories?post=8170"},{"taxonomy":"post_tag","embeddable":true,"href":"https:\/\/www.museummurten.ch\/fr\/wp-json\/wp\/v2\/tags?post=8170"}],"curies":[{"name":"wp","href":"https:\/\/api.w.org\/{rel}","templated":true}]}}