{"id":8408,"date":"2024-03-07T15:52:13","date_gmt":"2024-03-07T14:52:13","guid":{"rendered":"https:\/\/www.museummurten.ch\/?p=8408"},"modified":"2024-03-07T15:52:13","modified_gmt":"2024-03-07T14:52:13","slug":"gregory-sugnaux-griserie-24-3-2-6-2024","status":"publish","type":"post","link":"https:\/\/www.museummurten.ch\/fr\/2024\/03\/gregory-sugnaux-griserie-24-3-2-6-2024\/","title":{"rendered":"Gr\u00e9gory Sugnaux. Griserie (24.3-2.6.2024)"},"content":{"rendered":"<p><strong>GR\u00c9GORY SUGNAUX<\/strong><\/p>\n<p><strong>Mus\u00e9e de Morat<\/strong><\/p>\n<p><strong>24 mars \u2013 2 juin 2024<\/strong><\/p>\n<p><strong>\u00a0<\/strong><\/p>\n<p><strong>Griserie<\/strong><\/p>\n<p>Le Mus\u00e9e de Morat ouvre ses portes \u00e0 l\u2019artiste visuel Gr\u00e9gory Sugnaux pour une exposition qui fait la part belle au dialogue entre l\u2019ancien et le contemporain. In\u00e9dit et au carrefour des techniques, l\u2019ensemble d\u2019\u0153uvres cr\u00e9\u00e9es pour le lieu revisite de mani\u00e8re singuli\u00e8re l\u2019histoire locale.<\/p>\n<p>Pens\u00e9e comme un voyage dans le temps, Griserie nous ram\u00e8ne \u00e0 l\u2019\u00e9pisode du 28 juin 1866, lorsqu\u2019un \u00e9l\u00e9phant s\u00e8me la zizanie dans la ville de Morat avant d\u2019\u00eatre abattu par un boulet de canon. Par cette exposition individuelle, l\u2019artiste, s\u2019appuyant sur de nombreuses sources d\u2019archives, propose une lecture personnelle d\u2019un \u00e9v\u00e9nement historique tissant des liens entre faits \u00e9tablis et perceptions culturelles, humanit\u00e9 et animalit\u00e9.<\/p>\n<p>&nbsp;<\/p>\n<p>Dipl\u00f4m\u00e9 de l\u2019\u00c9cole cantonale d\u2019Art du Valais et de la Hochschule der K\u00fcnste de Berne, Gr\u00e9gory Sugnaux (1989) vit et travaille \u00e0 Fribourg. Distingu\u00e9 par le Prix Kiefer Hablitzel en 2015 et finaliste au Prix suisse d\u2019Art en 2020, l\u2019artiste a aussi b\u00e9n\u00e9fici\u00e9 de plusieurs r\u00e9sidences artistiques\u00a0: Berlin, im Wedding (2016), Paris, Cit\u00e9 internationale des arts (2019-2020), Rome, Institut suisse (2022-2023), entre autres.<\/p>\n<p>&nbsp;<\/p>\n<p>MANIFESTATIONS\u00a0:<\/p>\n<p>23 mars, 18 heures\u00a0: Vernissage<\/p>\n<p>28 mars, 19 heures\u00a0: visite guid\u00e9e en fran\u00e7ais<\/p>\n<p>16 mai, 19 heures\u00a0: visite guid\u00e9e en allemand<\/p>\n","protected":false},"excerpt":{"rendered":"<p>GR\u00c9GORY SUGNAUX Mus\u00e9e de Morat 24 mars \u2013 2 juin 2024 \u00a0 Griserie Le Mus\u00e9e de Morat ouvre ses portes \u00e0 l\u2019artiste visuel Gr\u00e9gory Sugnaux pour une exposition qui fait la part belle au dialogue entre l\u2019ancien et le contemporain. In\u00e9dit et au carrefour des techniques, l\u2019ensemble d\u2019\u0153uvres cr\u00e9\u00e9es pour le lieu revisite de mani\u00e8re [&hellip;]<\/p>\n","protected":false},"author":2,"featured_media":8401,"comment_status":"closed","ping_status":"closed","sticky":false,"template":"","format":"standard","meta":{"footnotes":""},"categories":[24],"tags":[],"class_list":["post-8408","post","type-post","status-publish","format-standard","has-post-thumbnail","hentry","category-temporaire-2"],"_links":{"self":[{"href":"https:\/\/www.museummurten.ch\/fr\/wp-json\/wp\/v2\/posts\/8408","targetHints":{"allow":["GET"]}}],"collection":[{"href":"https:\/\/www.museummurten.ch\/fr\/wp-json\/wp\/v2\/posts"}],"about":[{"href":"https:\/\/www.museummurten.ch\/fr\/wp-json\/wp\/v2\/types\/post"}],"author":[{"embeddable":true,"href":"https:\/\/www.museummurten.ch\/fr\/wp-json\/wp\/v2\/users\/2"}],"replies":[{"embeddable":true,"href":"https:\/\/www.museummurten.ch\/fr\/wp-json\/wp\/v2\/comments?post=8408"}],"version-history":[{"count":2,"href":"https:\/\/www.museummurten.ch\/fr\/wp-json\/wp\/v2\/posts\/8408\/revisions"}],"predecessor-version":[{"id":8417,"href":"https:\/\/www.museummurten.ch\/fr\/wp-json\/wp\/v2\/posts\/8408\/revisions\/8417"}],"wp:featuredmedia":[{"embeddable":true,"href":"https:\/\/www.museummurten.ch\/fr\/wp-json\/wp\/v2\/media\/8401"}],"wp:attachment":[{"href":"https:\/\/www.museummurten.ch\/fr\/wp-json\/wp\/v2\/media?parent=8408"}],"wp:term":[{"taxonomy":"category","embeddable":true,"href":"https:\/\/www.museummurten.ch\/fr\/wp-json\/wp\/v2\/categories?post=8408"},{"taxonomy":"post_tag","embeddable":true,"href":"https:\/\/www.museummurten.ch\/fr\/wp-json\/wp\/v2\/tags?post=8408"}],"curies":[{"name":"wp","href":"https:\/\/api.w.org\/{rel}","templated":true}]}}