{"id":9206,"date":"2024-09-18T16:41:02","date_gmt":"2024-09-18T15:41:02","guid":{"rendered":"https:\/\/www.museummurten.ch\/?p=9206"},"modified":"2024-09-18T16:41:02","modified_gmt":"2024-09-18T15:41:02","slug":"montilier-watch-18-8-15-12-2024","status":"publish","type":"post","link":"https:\/\/www.museummurten.ch\/fr\/2024\/09\/montilier-watch-18-8-15-12-2024\/","title":{"rendered":"Montilier Watch (18.8-15.12.2024)"},"content":{"rendered":"<p><strong>AU TEMPS DE L&rsquo;HORLOGERIE FRIBOURGEOISE<\/strong><\/p>\n<p>En d\u00e9pit du prestige incontestable de l\u2019horlogerie suisse, certains pans de son pass\u00e9 demeurent m\u00e9connus. Si les ouvrages historiques retiennent g\u00e9n\u00e9ralement l\u2019essor de la production genevoise d\u00e8s 1550 et l\u2019expansion industrielle dans l\u2019arc jurassien, rares sont ceux qui documentent le d\u00e9ploiement de ce secteur dans d\u2019autres r\u00e9gions, notamment dans le canton de Fribourg. De nombreuses fabriques sont ainsi tomb\u00e9es dans l\u2019oubli, malgr\u00e9 une production de qualit\u00e9 et des p\u00e9riodes de r\u00e9ussite commerciale. La fabrique de Montilier en est un exemple \u00e9clairant parmi d\u2019autres.<\/p>\n<p>Fond\u00e9e en 1851\/1857, l\u2019entreprise sise \u00e0 Montilier a fait face \u00e0 des d\u00e9buts laborieux avant de conna\u00eetre un essor r\u00e9jouissant sous la direction d&rsquo;\u00c9tienne-Ovide Domon et de Constantin Dinichert. En 1885, on y fabrique pr\u00e8s de 60&rsquo;000 montres et emploie plus de 400 personnes. Successivement agrandie, la fabrique est au d\u00e9but du XXe si\u00e8cle le moteur de l\u2019industrialisation du Moratois et l\u2019une des plus grandes pourvoyeuses d\u2019emploi de Fribourg. Apr\u00e8s la crise \u00e9conomique de 1929 \u00e0 1934 qui \u00e9prouve s\u00e9rieusement la fabrique, la soci\u00e9t\u00e9 prosp\u00e8re \u00e0 nouveau et obtient des commandes du monde entier. N\u00e9anmoins, l\u2019exacerbation de la concurrence en Suisse et la mondialisation de la production entra\u00eenent le d\u00e9clin progressif de l\u2019entreprise qui ferme en 1963.<\/p>\n<p>Avec ses rebondissements, ses faits divers et ses secrets, l\u2019histoire des montres de Montilier constitue une v\u00e9ritable \u00e9pop\u00e9e fribourgeoise retrac\u00e9e dans cette exposition gr\u00e2ce \u00e0 des archives in\u00e9dites et des objets issus de collections priv\u00e9es.<\/p>\n<p>&nbsp;<\/p>\n<p><strong>MANIFESTATIONS<\/strong><\/p>\n<ul>\n<li>17 ao\u00fbt, 18 heures : vernissage de l\u2019exposition.<\/li>\n<li>3 octobre, 19 heures : visite guid\u00e9e bilingue par Denis Decrausaz, directeur du mus\u00e9e, et Markus Rubli, conseiller scientifique.<\/li>\n<li>10 novembre, 15 heures : visite guid\u00e9e bilingue par Denis Decrausaz et Markus Rubli.<\/li>\n<li>29 novembre, 18 heures : conf\u00e9rence en allemand sur l\u2019histoire horlog\u00e8re de Montilier par Urs Haenni, journaliste.<\/li>\n<li>15 d\u00e9cembre, 15 heures : derni\u00e8re visite bilingue et finissage.<\/li>\n<\/ul>\n","protected":false},"excerpt":{"rendered":"<p>AU TEMPS DE L&rsquo;HORLOGERIE FRIBOURGEOISE En d\u00e9pit du prestige incontestable de l\u2019horlogerie suisse, certains pans de son pass\u00e9 demeurent m\u00e9connus. Si les ouvrages historiques retiennent g\u00e9n\u00e9ralement l\u2019essor de la production genevoise d\u00e8s 1550 et l\u2019expansion industrielle dans l\u2019arc jurassien, rares sont ceux qui documentent le d\u00e9ploiement de ce secteur dans d\u2019autres r\u00e9gions, notamment dans le [&hellip;]<\/p>\n","protected":false},"author":2,"featured_media":9163,"comment_status":"closed","ping_status":"closed","sticky":false,"template":"","format":"standard","meta":{"footnotes":""},"categories":[24],"tags":[],"class_list":["post-9206","post","type-post","status-publish","format-standard","has-post-thumbnail","hentry","category-temporaire-2"],"_links":{"self":[{"href":"https:\/\/www.museummurten.ch\/fr\/wp-json\/wp\/v2\/posts\/9206","targetHints":{"allow":["GET"]}}],"collection":[{"href":"https:\/\/www.museummurten.ch\/fr\/wp-json\/wp\/v2\/posts"}],"about":[{"href":"https:\/\/www.museummurten.ch\/fr\/wp-json\/wp\/v2\/types\/post"}],"author":[{"embeddable":true,"href":"https:\/\/www.museummurten.ch\/fr\/wp-json\/wp\/v2\/users\/2"}],"replies":[{"embeddable":true,"href":"https:\/\/www.museummurten.ch\/fr\/wp-json\/wp\/v2\/comments?post=9206"}],"version-history":[{"count":2,"href":"https:\/\/www.museummurten.ch\/fr\/wp-json\/wp\/v2\/posts\/9206\/revisions"}],"predecessor-version":[{"id":9208,"href":"https:\/\/www.museummurten.ch\/fr\/wp-json\/wp\/v2\/posts\/9206\/revisions\/9208"}],"wp:featuredmedia":[{"embeddable":true,"href":"https:\/\/www.museummurten.ch\/fr\/wp-json\/wp\/v2\/media\/9163"}],"wp:attachment":[{"href":"https:\/\/www.museummurten.ch\/fr\/wp-json\/wp\/v2\/media?parent=9206"}],"wp:term":[{"taxonomy":"category","embeddable":true,"href":"https:\/\/www.museummurten.ch\/fr\/wp-json\/wp\/v2\/categories?post=9206"},{"taxonomy":"post_tag","embeddable":true,"href":"https:\/\/www.museummurten.ch\/fr\/wp-json\/wp\/v2\/tags?post=9206"}],"curies":[{"name":"wp","href":"https:\/\/api.w.org\/{rel}","templated":true}]}}