{"id":9229,"date":"2024-10-07T08:04:16","date_gmt":"2024-10-07T07:04:16","guid":{"rendered":"https:\/\/www.museummurten.ch\/?p=9229"},"modified":"2024-10-07T08:08:39","modified_gmt":"2024-10-07T07:08:39","slug":"les-fribourgeoises-sortent-de-lombre-4-10-15-12-2024","status":"publish","type":"post","link":"https:\/\/www.museummurten.ch\/fr\/2024\/10\/les-fribourgeoises-sortent-de-lombre-4-10-15-12-2024\/","title":{"rendered":"Les Fribourgeoises sortent de l\u2019ombre ! (4.10-15.12.2024)"},"content":{"rendered":"<p><strong>Les Fribourgeoises sortent de l&rsquo;ombre!<\/strong><\/p>\n<p>L\u2019implication et le r\u00f4le des femmes du district du Lac dans les travaux de la vigne, la f\u00eate de la Solennit\u00e9 ou encore des \u0153uvres d\u2019entraides protestantes \u2013 racont\u00e9 par des \u00e9l\u00e8ves des CO de Morat. R\u00e9alis\u00e9e par des \u00e9l\u00e8ves de 10H, Les Fribourgeoises sortent de l\u2019ombre ! est une manifestation qui retrace l\u2019histoire des femmes fribourgeoises entre le XVe et le d\u00e9but du XXe si\u00e8cle. Une fa\u00e7on originale et durable de sensibiliser les \u00e9l\u00e8ves \u00e0 l\u2019\u00e9galit\u00e9 entre les hommes et les femmes, 50 ans apr\u00e8s l\u2019obtention du droit de vote pour les femmes. La pr\u00e9sente exposition est le 5e et dernier volet de l\u2019ambitieux projet lanc\u00e9 \u00e0 la fin du mois de juin 2021. Elle est visible au mus\u00e9e de Morat jusqu&rsquo;au 15 d\u00e9cembre 2024.<\/p>\n","protected":false},"excerpt":{"rendered":"<p>Les Fribourgeoises sortent de l&rsquo;ombre! L\u2019implication et le r\u00f4le des femmes du district du Lac dans les travaux de la vigne, la f\u00eate de la Solennit\u00e9 ou encore des \u0153uvres d\u2019entraides protestantes \u2013 racont\u00e9 par des \u00e9l\u00e8ves des CO de Morat. R\u00e9alis\u00e9e par des \u00e9l\u00e8ves de 10H, Les Fribourgeoises sortent de l\u2019ombre ! est une [&hellip;]<\/p>\n","protected":false},"author":2,"featured_media":9225,"comment_status":"closed","ping_status":"closed","sticky":false,"template":"","format":"standard","meta":{"footnotes":""},"categories":[24],"tags":[],"class_list":["post-9229","post","type-post","status-publish","format-standard","has-post-thumbnail","hentry","category-temporaire-2"],"_links":{"self":[{"href":"https:\/\/www.museummurten.ch\/fr\/wp-json\/wp\/v2\/posts\/9229","targetHints":{"allow":["GET"]}}],"collection":[{"href":"https:\/\/www.museummurten.ch\/fr\/wp-json\/wp\/v2\/posts"}],"about":[{"href":"https:\/\/www.museummurten.ch\/fr\/wp-json\/wp\/v2\/types\/post"}],"author":[{"embeddable":true,"href":"https:\/\/www.museummurten.ch\/fr\/wp-json\/wp\/v2\/users\/2"}],"replies":[{"embeddable":true,"href":"https:\/\/www.museummurten.ch\/fr\/wp-json\/wp\/v2\/comments?post=9229"}],"version-history":[{"count":2,"href":"https:\/\/www.museummurten.ch\/fr\/wp-json\/wp\/v2\/posts\/9229\/revisions"}],"predecessor-version":[{"id":9306,"href":"https:\/\/www.museummurten.ch\/fr\/wp-json\/wp\/v2\/posts\/9229\/revisions\/9306"}],"wp:featuredmedia":[{"embeddable":true,"href":"https:\/\/www.museummurten.ch\/fr\/wp-json\/wp\/v2\/media\/9225"}],"wp:attachment":[{"href":"https:\/\/www.museummurten.ch\/fr\/wp-json\/wp\/v2\/media?parent=9229"}],"wp:term":[{"taxonomy":"category","embeddable":true,"href":"https:\/\/www.museummurten.ch\/fr\/wp-json\/wp\/v2\/categories?post=9229"},{"taxonomy":"post_tag","embeddable":true,"href":"https:\/\/www.museummurten.ch\/fr\/wp-json\/wp\/v2\/tags?post=9229"}],"curies":[{"name":"wp","href":"https:\/\/api.w.org\/{rel}","templated":true}]}}