{"id":9483,"date":"2025-04-02T09:59:37","date_gmt":"2025-04-02T08:59:37","guid":{"rendered":"https:\/\/www.museummurten.ch\/?p=9483"},"modified":"2025-04-02T09:59:37","modified_gmt":"2025-04-02T08:59:37","slug":"le-lac-de-morat-13-4-15-6-2025","status":"publish","type":"post","link":"https:\/\/www.museummurten.ch\/fr\/2025\/04\/le-lac-de-morat-13-4-15-6-2025\/","title":{"rendered":"Le lac de Morat (13.4-15.6.2025)"},"content":{"rendered":"<p>Visions d\u2019artistes<\/p>\n<p>Trop souvent occult\u00e9es par les repr\u00e9sentations foisonnantes du lac L\u00e9man, voire m\u00eame de celui de Neuch\u00e2tel plus proche, les vues du lac de Morat n\u2019ont pourtant rien \u00e0 leur envier. D\u00e9di\u00e9e \u00e0 ce sujet, cette exposition r\u00e9unit un ensemble significatif de gravures, de dessins et de peintures contextualis\u00e9s dans l\u2019histoire de l\u2019art suisse des XIX<sup>e<\/sup> et XX<sup>e<\/sup> si\u00e8cles.<\/p>\n<p>\u00c0 parcourir les nombreuses \u0153uvres montrant le lac de Morat, il est possible de percevoir les changements qui se sont op\u00e9r\u00e9s, au fil des si\u00e8cles, dans la mani\u00e8re de le donner \u00e0 voir. D\u2019un \u00e9l\u00e9ment p\u00e9riph\u00e9rique dans les sources les plus anciennes, le lac suscite, durant le XVIII<sup>e<\/sup> si\u00e8cle, l\u2019int\u00e9r\u00eat grandissant des artistes, quitte \u00e0 prendre davantage de place dans leurs compositions que la ville et ses fortifications. Au tournant du XX<sup>e<\/sup> si\u00e8cle, il devient un motif en soi tant dans son traitement formel que dans les sc\u00e8nes quotidiennes qu\u2019il offre. \u00c0 travers les \u0153uvres, on contemple des jeux de reflets sur son \u00e9tendue ; on per\u00e7oit des individus naviguer sur sa surface, s\u2019y baigner, y p\u00eacher du poisson, s\u2019y pr\u00e9lasser.<\/p>\n<p>La magie du lac op\u00e8re toujours et le charme de Morat doit beaucoup \u00e0 cet atout naturel qui a tant s\u00e9duit les peintres fribourgeois et venus d\u2019ailleurs.<\/p>\n<p>&nbsp;<\/p>\n<p>Manifestations<\/p>\n<p>12 avril, 18 heures : vernissage de l\u2019exposition.<\/p>\n<p>29 avril, 18h30\u00a0: visite guid\u00e9e bilingue par Denis Decrausaz, directeur du mus\u00e9e.<\/p>\n<p>10 mai, 10h-16h\u00a0: dessiner au bord du lac de Morat, cours organis\u00e9 par l\u2019atelier mala (sur inscription).<\/p>\n<p>1<sup>er<\/sup> juin, 15 heures : visite guid\u00e9e par Philippe Clerc, historien de l\u2019art.<\/p>\n<p>15 juin, 15 heures : derni\u00e8re visite bilingue et finissage.<\/p>\n","protected":false},"excerpt":{"rendered":"<p>Visions d\u2019artistes Trop souvent occult\u00e9es par les repr\u00e9sentations foisonnantes du lac L\u00e9man, voire m\u00eame de celui de Neuch\u00e2tel plus proche, les vues du lac de Morat n\u2019ont pourtant rien \u00e0 leur envier. D\u00e9di\u00e9e \u00e0 ce sujet, cette exposition r\u00e9unit un ensemble significatif de gravures, de dessins et de peintures contextualis\u00e9s dans l\u2019histoire de l\u2019art suisse [&hellip;]<\/p>\n","protected":false},"author":2,"featured_media":9459,"comment_status":"closed","ping_status":"closed","sticky":false,"template":"","format":"standard","meta":{"footnotes":""},"categories":[24],"tags":[],"class_list":["post-9483","post","type-post","status-publish","format-standard","has-post-thumbnail","hentry","category-temporaire-2"],"_links":{"self":[{"href":"https:\/\/www.museummurten.ch\/fr\/wp-json\/wp\/v2\/posts\/9483","targetHints":{"allow":["GET"]}}],"collection":[{"href":"https:\/\/www.museummurten.ch\/fr\/wp-json\/wp\/v2\/posts"}],"about":[{"href":"https:\/\/www.museummurten.ch\/fr\/wp-json\/wp\/v2\/types\/post"}],"author":[{"embeddable":true,"href":"https:\/\/www.museummurten.ch\/fr\/wp-json\/wp\/v2\/users\/2"}],"replies":[{"embeddable":true,"href":"https:\/\/www.museummurten.ch\/fr\/wp-json\/wp\/v2\/comments?post=9483"}],"version-history":[{"count":2,"href":"https:\/\/www.museummurten.ch\/fr\/wp-json\/wp\/v2\/posts\/9483\/revisions"}],"predecessor-version":[{"id":9485,"href":"https:\/\/www.museummurten.ch\/fr\/wp-json\/wp\/v2\/posts\/9483\/revisions\/9485"}],"wp:featuredmedia":[{"embeddable":true,"href":"https:\/\/www.museummurten.ch\/fr\/wp-json\/wp\/v2\/media\/9459"}],"wp:attachment":[{"href":"https:\/\/www.museummurten.ch\/fr\/wp-json\/wp\/v2\/media?parent=9483"}],"wp:term":[{"taxonomy":"category","embeddable":true,"href":"https:\/\/www.museummurten.ch\/fr\/wp-json\/wp\/v2\/categories?post=9483"},{"taxonomy":"post_tag","embeddable":true,"href":"https:\/\/www.museummurten.ch\/fr\/wp-json\/wp\/v2\/tags?post=9483"}],"curies":[{"name":"wp","href":"https:\/\/api.w.org\/{rel}","templated":true}]}}