{"id":9778,"date":"2026-02-08T22:00:42","date_gmt":"2026-02-08T21:00:42","guid":{"rendered":"https:\/\/www.museummurten.ch\/?p=9778"},"modified":"2026-02-22T16:12:32","modified_gmt":"2026-02-22T15:12:32","slug":"panorama-digital-13-2-19-4-2026","status":"publish","type":"post","link":"https:\/\/www.museummurten.ch\/fr\/2026\/02\/panorama-digital-13-2-19-4-2026\/","title":{"rendered":"PANORAMA DIGITAL (13.2-19.4.2026)"},"content":{"rendered":"<p><strong>Une exp\u00e9rience de l&rsquo;art immersif<\/strong><\/p>\n<p>En guise de pr\u00e9ambule au jubil\u00e9 des 550 ans de la bataille de Morat, le mus\u00e9e de Morat a l\u2019immense plaisir de proposer, en collaboration avec l\u2019\u00c9cole polytechnique f\u00e9d\u00e9rale de Lausanne, une exposition consacr\u00e9e au fameux panorama peint entre 1893 et 1894 par l\u2019artiste allemand Louis Braun.<\/p>\n<p>Bien patrimonial d\u2019importance nationale, cette \u0153uvre monumentale compos\u00e9e de pr\u00e8s de 1000 m\u00b2 de toile donne \u00e0 voir l\u2019un des \u00e9pisodes marquants de la fin du 15e si\u00e8cle : la victoire des Conf\u00e9d\u00e9r\u00e9s et de leurs alli\u00e9s sur la redoutable arm\u00e9e du Duc Charles de Bourgogne, dit le T\u00e9m\u00e9raire.<\/p>\n<p>Tournant dans l\u2019histoire europ\u00e9enne de la fin du Moyen \u00c2ge, la bataille de Morat n\u2019a cess\u00e9 de faire parler d\u2019elle. Au 19e si\u00e8cle, p\u00e9riode faste pour les sciences historiques et les mythes fondateurs de la Suisse, elle est comm\u00e9mor\u00e9e, c\u00e9l\u00e9br\u00e9e, peinte \u00ab sur le vif \u00bb. En t\u00e9moigne l\u2019\u0153uvre majeure de Louis Braun dont le contexte, la gen\u00e8se et les vicissitudes sont document\u00e9s dans la pr\u00e9sente exposition.<\/p>\n<p>Outre les aspects historiques, l\u2019exposition propose une exp\u00e9rience immersive au c\u0153ur du panorama en se fondant sur la plus grande image digitale d\u2019un objet physique au monde (1,6 trillion de pixels). Gr\u00e2ce \u00e0 cette r\u00e9solution hors du commun, le dispositif offre un r\u00e9cit multimodal o\u00f9 les visiteuses et visiteurs peuvent naviguer, observer et interagir avec la copie num\u00e9rique du panorama de mani\u00e8re autonome, \u00e0 travers une exploration libre. Port\u00e9e par l\u2019EPFL, cette exp\u00e9rience ouvre de nouvelles perspectives de vision et de perception d\u2019un objet patrimonial.<\/p>\n<p>&nbsp;<\/p>\n<p><strong>Manifestations li\u00e9es \u00e0 l\u2019exposition\u00a0:<\/strong><\/p>\n<p>13 f\u00e9vrier, 19h00 : conf\u00e9rence donn\u00e9e par l\u2019historien Daniel Jaquet, suivie du vernissage de l\u2019exposition, au Cycle d\u2019orientation de la r\u00e9gion de Morat.<\/p>\n<p>15 mars, 15h30 : visite guid\u00e9e bilingue par Denis Decrausaz, directeur du mus\u00e9e.<\/p>\n<p>19 avril, 15h00 : derni\u00e8re visite bilingue et finissage.<\/p>\n<p>&nbsp;<\/p>\n<p><strong>Liens utiles :\u00a0<\/strong><\/p>\n<p><a href=\"https:\/\/www.grandsonmorat1476.ch\/\">https:\/\/www.grandsonmorat1476.ch\/<\/a><\/p>\n<p><a href=\"http:\/\/Le Panorama T\u00e9rapixel\">https:\/\/terapixelpanorama.ch\/?l=fr<\/a><\/p>\n<p><a href=\"https:\/\/www.panoramamorat-1476.ch\/de\/association\">https:\/\/www.panoramamorat-1476.ch\/de\/association<\/a><\/p>\n<p><a href=\"https:\/\/www.bhm.ch\/de\/ausstellungen\/kommende-ausstellungen\/murten-ausgeschlachtet\">https:\/\/www.bhm.ch\/de\/ausstellungen\/kommende-ausstellungen\/murten-ausgeschlachtet<\/a><\/p>\n","protected":false},"excerpt":{"rendered":"<p>Une exp\u00e9rience de l&rsquo;art immersif En guise de pr\u00e9ambule au jubil\u00e9 des 550 ans de la bataille de Morat, le mus\u00e9e de Morat a l\u2019immense plaisir de proposer, en collaboration avec l\u2019\u00c9cole polytechnique f\u00e9d\u00e9rale de Lausanne, une exposition consacr\u00e9e au fameux panorama peint entre 1893 et 1894 par l\u2019artiste allemand Louis Braun. Bien patrimonial d\u2019importance [&hellip;]<\/p>\n","protected":false},"author":2,"featured_media":9769,"comment_status":"closed","ping_status":"closed","sticky":false,"template":"","format":"standard","meta":{"footnotes":""},"categories":[24],"tags":[],"class_list":["post-9778","post","type-post","status-publish","format-standard","has-post-thumbnail","hentry","category-temporaire-2"],"_links":{"self":[{"href":"https:\/\/www.museummurten.ch\/fr\/wp-json\/wp\/v2\/posts\/9778","targetHints":{"allow":["GET"]}}],"collection":[{"href":"https:\/\/www.museummurten.ch\/fr\/wp-json\/wp\/v2\/posts"}],"about":[{"href":"https:\/\/www.museummurten.ch\/fr\/wp-json\/wp\/v2\/types\/post"}],"author":[{"embeddable":true,"href":"https:\/\/www.museummurten.ch\/fr\/wp-json\/wp\/v2\/users\/2"}],"replies":[{"embeddable":true,"href":"https:\/\/www.museummurten.ch\/fr\/wp-json\/wp\/v2\/comments?post=9778"}],"version-history":[{"count":4,"href":"https:\/\/www.museummurten.ch\/fr\/wp-json\/wp\/v2\/posts\/9778\/revisions"}],"predecessor-version":[{"id":9878,"href":"https:\/\/www.museummurten.ch\/fr\/wp-json\/wp\/v2\/posts\/9778\/revisions\/9878"}],"wp:featuredmedia":[{"embeddable":true,"href":"https:\/\/www.museummurten.ch\/fr\/wp-json\/wp\/v2\/media\/9769"}],"wp:attachment":[{"href":"https:\/\/www.museummurten.ch\/fr\/wp-json\/wp\/v2\/media?parent=9778"}],"wp:term":[{"taxonomy":"category","embeddable":true,"href":"https:\/\/www.museummurten.ch\/fr\/wp-json\/wp\/v2\/categories?post=9778"},{"taxonomy":"post_tag","embeddable":true,"href":"https:\/\/www.museummurten.ch\/fr\/wp-json\/wp\/v2\/tags?post=9778"}],"curies":[{"name":"wp","href":"https:\/\/api.w.org\/{rel}","templated":true}]}}